{"id":96234,"date":"2025-05-13T07:22:11","date_gmt":"2025-05-13T07:22:11","guid":{"rendered":"https:\/\/www.europesays.com\/fr\/96234\/"},"modified":"2025-05-13T07:22:11","modified_gmt":"2025-05-13T07:22:11","slug":"thomas-jolly-et-nmr-projettent-un-evenement-inedit-pour-le-14-juillet","status":"publish","type":"post","link":"https:\/\/www.europesays.com\/fr\/96234\/","title":{"rendered":"Thomas Jolly et NMR projettent un \u00e9v\u00e9nement in\u00e9dit pour le 14 juillet"},"content":{"rendered":"<p>            Par<br \/>\n        <strong><br \/>\n            <a href=\"https:\/\/actu.fr\/auteur\/laredaction\" title=\"Consulter tous les articles de R\u00e9daction Normandie\" rel=\"nofollow noopener\" target=\"_blank\">R\u00e9daction Normandie<\/a><br \/>\n        <\/strong><\/p>\n<p>        Publi\u00e9 le<\/p>\n<p>            13 mai 2025 \u00e0 8h57        <\/p>\n<p>Une<strong> grande c\u00e9l\u00e9bration<\/strong> se pr\u00e9pare \u00e0 <a href=\"https:\/\/actu.fr\/76actu\/\" rel=\"nofollow noopener\" target=\"_blank\">Rouen (Seine-Maritime)<\/a> pour le 14\u00a0juillet 2025. L\u2019information bruisse d\u00e9j\u00e0 depuis plusieurs jours dans les couloirs de la M\u00e9tropole normande et <strong>le secret<\/strong> n\u2019en est plus vraiment un. D\u2019aucuns nous parlent d\u2019un \u00e9v\u00e9nement \u00ab\u2009jamais vu\u2009\u00bb orchestr\u00e9 par <strong>Thomas Jolly<\/strong>, le Rouennais aux manettes de <a href=\"https:\/\/actu.fr\/ile-de-france\/paris_75056\/jo-de-paris-2024-suivez-en-direct-la-journee-de-ceremonie-d-ouverture_61408154.html\" rel=\"nofollow noopener\" target=\"_blank\">la c\u00e9r\u00e9monie d\u2019ouverture des JO de Paris<\/a>. Encore faut-il que cet \u00e9v\u00e9nement puisse avoir lieu.<\/p>\n<p>Une f\u00eate exceptionnelle avec Thomas Jolly<\/p>\n<p class=\" wall-content\">Ce 14\u00a0juillet, <strong>une c\u00e9l\u00e9bration exceptionnelle<\/strong> pour la f\u00eate nationale, pourrait donc avoir lieu avec un invit\u00e9 de choix puisque c\u2019est <a href=\"https:\/\/actu.fr\/normandie\/rouen_76540\/jo-2024-le-rouennais-thomas-jolly-va-mettre-en-scene-les-ceremonies-d-ouverture-et-cloture_53957827.html\" rel=\"nofollow noopener\" target=\"_blank\">Thomas Jolly<\/a>, ni plus ni moins, qui est \u00e0 la baguette de cette proposition avec la Ville et la M\u00e9tropole. Comme une seconde version de la <strong>c\u00e9r\u00e9monie d\u2019ouverture<\/strong> des <a href=\"https:\/\/actu.fr\/tag\/jo-paris-2024\" rel=\"nofollow noopener\" target=\"_blank\">Jeux olympiques<\/a>\u2009?<\/p>\n<p class=\" wall-content\">Le projet est d\u2019ampleur. Pour preuve, nos interlocuteurs \u00e9voquent une f\u00eate \u00e0 <strong>\u00ab\u2009plusieurs millions d\u2019euros\u2009\u00bb<\/strong> qui serait financ\u00e9e par de l\u2019argent public et priv\u00e9. D\u2019autres sources nous \u00e9voquent un \u00e9v\u00e9nement \u00ab\u2009jamais vu\u2009\u00bb \u00e0 Rouen.<\/p>\n<p class=\" wall-content\">Il faut toutefois se montrer prudent car, le financement n\u2019est pour l\u2019heure pas finalis\u00e9.<\/p>\n<p class=\" wall-content\">On en saura s\u00fbrement plus prochainement puisque, ce lundi 12\u00a0mai 2025, les \u00e9lus de la M\u00e9tropole ont \u00e9t\u00e9 convi\u00e9s \u00e0 <strong>une r\u00e9union extraordinaire<\/strong> pour \u00e9voquer ce \u00ab\u2009sujet important pour notre territoire\u2009\u00bb. Leur soutien au projet pourrait \u00eatre crucial pour l\u2019avenir de cette grande f\u00eate populaire et r\u00e9publicaine. Affaire \u00e0 suivre\u2026<\/p>\n<p>Vid\u00e9os : en ce moment sur Actu<\/p>\n<p class=\" wall-content\"><strong>TR avec JB<\/strong><\/p>\n<p>Suivez l\u2019actualit\u00e9 de <a href=\"https:\/\/www.whatsapp.com\/channel\/0029VaKfnf99hXF2ddApFB1D\" rel=\"nofollow noopener\" target=\"_blank\">Rouen sur notre cha\u00eene WhatsApp<\/a> et <a href=\"https:\/\/www.tiktok.com\/@76actu.fr?lang=fr\" rel=\"nofollow noopener\" target=\"_blank\">sur notre compte TikTok<\/a><\/p>\n<p class=\" wall-content\">Suivez toute l\u2019actualit\u00e9 de vos villes et m\u00e9dias favoris en vous inscrivant \u00e0 <a href=\"https:\/\/moncompte.actu.fr\" title=\"D\u00e9couvez Mon Actu\" rel=\"nofollow noopener\" data-trk=\"{&quot;cta&quot;:{&quot;action&quot;:&quot;https:\\\/\\\/moncompte.actu.fr&quot;,&quot;category&quot;:&quot;mon compte&quot;,&quot;from&quot;:&quot;article footer&quot;,&quot;name&quot;:&quot;Mon actu&quot;,&quot;type&quot;:&quot;cta&quot;}}\" target=\"_blank\">Mon Actu<\/a>.<\/p>\n<p>                    <script async src=\"\/\/www.tiktok.com\/embed.js\"><\/script><\/p>\n","protected":false},"excerpt":{"rendered":"Par R\u00e9daction Normandie Publi\u00e9 le 13 mai 2025 \u00e0 8h57 Une grande c\u00e9l\u00e9bration se pr\u00e9pare \u00e0 Rouen (Seine-Maritime)&hellip;\n","protected":false},"author":2,"featured_media":96235,"comment_status":"","ping_status":"","sticky":false,"template":"","format":"standard","meta":{"footnotes":""},"categories":[9587],"tags":[1111,11,1777,674,1011,27,7941,5353,1652,12,5161,25,9590],"class_list":{"0":"post-96234","1":"post","2":"type-post","3":"status-publish","4":"format-standard","5":"has-post-thumbnail","7":"category-rouen","8":"tag-actu","9":"tag-actualites","10":"tag-eu","11":"tag-europe","12":"tag-fr","13":"tag-france","14":"tag-jo-paris-2024","15":"tag-la-seine","16":"tag-loisirs-culture","17":"tag-news","18":"tag-normandie","19":"tag-republique-francaise","20":"tag-rouen"},"share_on_mastodon":{"url":"https:\/\/pubeurope.com\/@fr\/114499324678283008","error":""},"_links":{"self":[{"href":"https:\/\/www.europesays.com\/fr\/wp-json\/wp\/v2\/posts\/96234","targetHints":{"allow":["GET"]}}],"collection":[{"href":"https:\/\/www.europesays.com\/fr\/wp-json\/wp\/v2\/posts"}],"about":[{"href":"https:\/\/www.europesays.com\/fr\/wp-json\/wp\/v2\/types\/post"}],"author":[{"embeddable":true,"href":"https:\/\/www.europesays.com\/fr\/wp-json\/wp\/v2\/users\/2"}],"replies":[{"embeddable":true,"href":"https:\/\/www.europesays.com\/fr\/wp-json\/wp\/v2\/comments?post=96234"}],"version-history":[{"count":0,"href":"https:\/\/www.europesays.com\/fr\/wp-json\/wp\/v2\/posts\/96234\/revisions"}],"wp:featuredmedia":[{"embeddable":true,"href":"https:\/\/www.europesays.com\/fr\/wp-json\/wp\/v2\/media\/96235"}],"wp:attachment":[{"href":"https:\/\/www.europesays.com\/fr\/wp-json\/wp\/v2\/media?parent=96234"}],"wp:term":[{"taxonomy":"category","embeddable":true,"href":"https:\/\/www.europesays.com\/fr\/wp-json\/wp\/v2\/categories?post=96234"},{"taxonomy":"post_tag","embeddable":true,"href":"https:\/\/www.europesays.com\/fr\/wp-json\/wp\/v2\/tags?post=96234"}],"curies":[{"name":"wp","href":"https:\/\/api.w.org\/{rel}","templated":true}]}}