{"id":96242,"date":"2025-05-13T07:27:12","date_gmt":"2025-05-13T07:27:12","guid":{"rendered":"https:\/\/www.europesays.com\/fr\/96242\/"},"modified":"2025-05-13T07:27:12","modified_gmt":"2025-05-13T07:27:12","slug":"chartres-de-bretagne-un-match-dimprovisation-autour-de-la-musique","status":"publish","type":"post","link":"https:\/\/www.europesays.com\/fr\/96242\/","title":{"rendered":"Chartres-de-Bretagne. Un match d\u2019improvisation autour de la musique"},"content":{"rendered":"<p>Pour la troisi\u00e8me fois de la saison, la troupe d\u2019improvisation La Tique de Bor\u00e9ale\u2019s revient sur la sc\u00e8ne du centre culturel P\u00f4le Sud. Le spectacle qui se jouera pour la premi\u00e8re fois, est un nouveau match d\u2019improvisation format long, un biopic d\u2019un groupe de musique.<\/p>\n<p>\u00a0Le public sera invit\u00e9 \u00e0 voter pour un style de musique propos\u00e9 parmi trois. Les cinq com\u00e9diens sur sc\u00e8ne auront cette contrainte pour construire une histoire longue improvis\u00e9e d\u2019un groupe de musique. Ils ont le choix des personnages, de ce qu\u2019il leur arrive\u00a0, rapporte Annelise Pousset, membre de la troupe.<\/p>\n<p>Ce spectacle familial s\u2019adresse \u00e0 tout public.<\/p>\n<p>Samedi 17\u00a0mai, \u00e0 20\u00a0h\u00a030 au centre culturel P\u00f4le Sud, 1, rue de la Conterie. Tarif plein\u00a0: 7\u00a0\u20ac\u00a0; moins de 12\u00a0ans, demandeurs d\u2019emploi et \u00e9tudiants\u00a0: 5\u00a0\u20ac. R\u00e9servation conseill\u00e9e sur www.helloasso.com\/associations\/boreale-s<\/p>\n<p>\u00a0<\/p>\n","protected":false},"excerpt":{"rendered":"Pour la troisi\u00e8me fois de la saison, la troupe d\u2019improvisation La Tique de Bor\u00e9ale\u2019s revient sur la sc\u00e8ne&hellip;\n","protected":false},"author":2,"featured_media":96243,"comment_status":"","ping_status":"","sticky":false,"template":"","format":"standard","meta":{"footnotes":""},"categories":[2821],"tags":[1111,11,7051,829,19962,1777,674,1011,27,14608,955,873,12,3086,584,25],"class_list":{"0":"post-96242","1":"post","2":"type-post","3":"status-publish","4":"format-standard","5":"has-post-thumbnail","7":"category-rennes","8":"tag-actu","9":"tag-actualites","10":"tag-autour","11":"tag-bretagne","12":"tag-chartres-de-bretagne","13":"tag-eu","14":"tag-europe","15":"tag-fr","16":"tag-france","17":"tag-improvisation","18":"tag-match","19":"tag-musique","20":"tag-news","21":"tag-redon","22":"tag-rennes","23":"tag-republique-francaise"},"share_on_mastodon":{"url":"https:\/\/pubeurope.com\/@fr\/114499344276689739","error":""},"_links":{"self":[{"href":"https:\/\/www.europesays.com\/fr\/wp-json\/wp\/v2\/posts\/96242","targetHints":{"allow":["GET"]}}],"collection":[{"href":"https:\/\/www.europesays.com\/fr\/wp-json\/wp\/v2\/posts"}],"about":[{"href":"https:\/\/www.europesays.com\/fr\/wp-json\/wp\/v2\/types\/post"}],"author":[{"embeddable":true,"href":"https:\/\/www.europesays.com\/fr\/wp-json\/wp\/v2\/users\/2"}],"replies":[{"embeddable":true,"href":"https:\/\/www.europesays.com\/fr\/wp-json\/wp\/v2\/comments?post=96242"}],"version-history":[{"count":0,"href":"https:\/\/www.europesays.com\/fr\/wp-json\/wp\/v2\/posts\/96242\/revisions"}],"wp:featuredmedia":[{"embeddable":true,"href":"https:\/\/www.europesays.com\/fr\/wp-json\/wp\/v2\/media\/96243"}],"wp:attachment":[{"href":"https:\/\/www.europesays.com\/fr\/wp-json\/wp\/v2\/media?parent=96242"}],"wp:term":[{"taxonomy":"category","embeddable":true,"href":"https:\/\/www.europesays.com\/fr\/wp-json\/wp\/v2\/categories?post=96242"},{"taxonomy":"post_tag","embeddable":true,"href":"https:\/\/www.europesays.com\/fr\/wp-json\/wp\/v2\/tags?post=96242"}],"curies":[{"name":"wp","href":"https:\/\/api.w.org\/{rel}","templated":true}]}}