{"id":962469,"date":"2026-05-28T14:00:19","date_gmt":"2026-05-28T14:00:19","guid":{"rendered":"https:\/\/www.europesays.com\/fr\/962469\/"},"modified":"2026-05-28T14:00:19","modified_gmt":"2026-05-28T14:00:19","slug":"rhone-ou-et-quand-aller-a-la-piscine-a-lyon-ou-pas-tres-loin","status":"publish","type":"post","link":"https:\/\/www.europesays.com\/fr\/962469\/","title":{"rendered":"Rh\u00f4ne. O\u00f9 et quand aller \u00e0 la piscine, \u00e0 Lyon ou pas tr\u00e8s loin ?"},"content":{"rendered":"<p><strong>Les olympiques (bassin de 50 m\u00e8tres) <\/strong><\/p>\n<p>Piscine du Rh\u00f4ne \u00e0 Lyon 7e (centre Tony-Bertrand). Ouverte le week-end du 30\u00a0et 31\u00a0mai. \u00c0 partir du 4\u00a0juin, de 10\u00a0h\u00a030 \u00e0 15\u00a0heures et de 15\u00a0h\u00a030 \u00e0 20\u00a0heures, sauf le lundi en continu de 1midi \u00e0 20\u00a0heures. Tarif plein\u00a0: 8\u00a0\u20ac pour un adulte (5,50\u00a0\u20ac en r\u00e9duit).<\/p>\n<p>Centre nautique Etienne-Gagnaire \u00e0 Villeurbanne. Ouvert de 11\u00a0h\u00a030 \u00e0 14\u00a0heures en semaine sauf le vendredi\u00a011\u00a0h\u00a030 \u00e0 20\u00a0heures. Samedi et dimanche\u00a09\u00a0heures-midi. Tarif 4,50\u00a0\u20ac<\/p>\n<p>Centre nautique Pierre-Mend\u00e8s-France \u00e0 Saint-Priest. Ouvert en semaine de 11\u00a0h\u00a030 \u00e0 20\u00a0heures avec pause de 14\u00a0heures \u00e0 16\u00a0h\u00a030, samedi de 9\u00a0\u00e0 18\u00a0heures, dimanche de 9 \u00e0 13\u00a0heures. Cet horaire de week-end est valable l\u2019\u00e9t\u00e9. La semaine de 10\u00a0\u00e0 19\u00a0heures. Tarif 4,30\u00a0\u20ac pour les habitants de Saint-Priest et Mions, 6\u00a0\u20ac pour les ext\u00e9rieurs. Attention, la piscine est ferm\u00e9e les samedis 30\u00a0mai et 6\u00a0juin.<\/p>\n<p>Centre nautique Andr\u00e9-Sousi \u00e0 Bron. Ouvert jusqu\u2019au 28\u00a0juin en semaine de 11\u00a0h\u00a030 \u00e0 20 heures avec pause de 14 \u00e0 16\u00a0heures, sauf le mercredi\u00a0; samedi\u00a0midi-18 heures, dimanche\u00a09-13 heures. Puis pendant l\u2019\u00e9t\u00e9, tous les jours de 10 \u00e0 20\u00a0heures.\u00a0Tarif\u00a0: 4,60 pour les Brondillants, 6,30\u00a0\u20ac ext\u00e9rieurs.<\/p>\n<p>Centre nautique intercommunal Lyon-Saint-Fons-V\u00e9nissieux. Ouvert de 11\u00a0h\u00a030 \u00e0 19\u00a0h\u00a040 (avec pause entre 13\u00a0h\u00a030 et 16\u00a0h\u00a030 sauf le mercredi). Le samedi\u00a010\u00a0h\u00a030-15\u00a0h\u00a030, le dimanche en 9\u00a0heures-13\u00a0h\u00a030. \u00c0 partir du 28\u00a0juin, c\u2019est 10\u00a0h \u00e0 18\u00a0h\u00a030 tous les jours. Plein tarif\u00a0: 4,80 pour les habitants de Lyon, Saint-Fons et V\u00e9nissieux, 6,10\u00a0\u20ac pour les ext\u00e9rieurs.<\/p>\n<p>  <strong>Pas encore ouvertes, ou peu<\/strong><\/p>\n<p><a href=\"https:\/\/www.leprogres.fr\/economie\/2025\/09\/20\/plongeon-dans-les-entrailles-de-la-piscine-de-vaise\" target=\"_blank\" rel=\"nofollow noopener\">Piscine de Vaise<\/a> (Lyon 9e). Elle dispose aussi d\u2019un bassin olympique\u2026 Mais elle n\u2019est ouverte qu\u2019en semaine sur des horaires restreints (entre 11\u00a0h\u00a045 \u00e0 14\u00a0heures) et jusqu\u2019au 19\u00a0juin.<\/p>\n<p><a href=\"https:\/\/www.leprogres.fr\/environnement\/2025\/06\/29\/fin-des-travaux-a-la-piscine-de-la-duchere-on-connait-la-date-de-reouverture-et-les-nouveaux-equipements\" target=\"_blank\" rel=\"nofollow noopener\">La Duch\u00e8re<\/a> (Lyon 9e) du 25\u00a0juin au 30\u00a0ao\u00fbt, tous les jours de 10\u00a0h\u00a030 \u00e0 15\u00a0heures et de 15\u00a0h\u00a030 \u00e0 20 heures. Les tarifs sont plus abordables (4\u00a0\u20ac) que la piscine du Rh\u00f4ne.<\/p>\n<p>M\u00eames horaires et m\u00eame tarif pour la <a href=\"https:\/\/www.leprogres.fr\/sport\/2026\/05\/28\/sous-equipement-manque-de-personnel-incivilites-contraintes-budgetaires-a-lyon-les-baigneurs-au-regime-plutot-sec\" target=\"_blank\" rel=\"nofollow noopener\">piscine Mermoz<\/a>, \u00e0 Lyon 8e du 1er\u00a0juillet au 31\u00a0ao\u00fbt. Mais son bassin mesure 25 m\u00e8tres.<\/p>\n<p>Elles sont ferm\u00e9es ce week-end, parfois ceux de juin, et ouvrent partiellement l\u2019\u00e9t\u00e9.<\/p>\n<p><a href=\"https:\/\/www.leprogres.fr\/insolite\/2026\/05\/28\/a-lyon-une-piscine-ouverte-en-moins-cet-ete-2026\" target=\"_blank\" rel=\"nofollow noopener\">Saint-Exup\u00e9ry <\/a>(Lyon 4e).\u00a0Est annonc\u00e9e ferm\u00e9e les 30\u00a0et 31\u00a0mai\u2026 Pourrait ouvrir en derni\u00e8re minute. Ce bassin couvert n\u2019ouvrira qu\u2019en semaine et de 7 \u00e0 14\u00a0heures du 22\u00a0juin au 30\u00a0ao\u00fbt. Ferm\u00e9 le week-end.<\/p>\n<p><a href=\"https:\/\/www.leprogres.fr\/education\/2025\/04\/17\/des-parents-interdits-d-acces-aux-vestiaires-de-la-piscine-tronchet-cette-decision-met-nos-enfants-en-danger\" target=\"_blank\" rel=\"nofollow noopener\">Tronchet<\/a> (Lyon 6e). Ouvre de 11\u00a0h\u00a045 \u00e0 14\u00a0heures (sauf le mercredi). Elle devait fermer le 19\u00a0juin et finalement ouvrir aux m\u00eames dates et horaires que Saint-Exup\u00e9ry.<\/p>\n<p>Garibaldi, \u00e0 Lyon 3e. Fermera \u00e0 partir du 21\u00a0juin comme Delessert \u00e0 Lyon 7e. Apr\u00e8s le 19\u00a0juin, jusqu\u2019en septembre.\u00a0Elles sont ferm\u00e9es le 30 et 31\u00a0mai.<\/p>\n<p>  <strong>Autour de Lyon<\/strong><\/p>\n<p><a href=\"https:\/\/www.leprogres.fr\/culture-loisirs\/2025\/08\/11\/canicule-piscine-gratuite-pour-les-caluirards\" target=\"_blank\" rel=\"nofollow noopener\">Isabelle-Jouffroy<\/a> \u00e0 Caluire-et-Cuire\u00a0jusqu\u2019au 14\u00a0juin lundi et vendredi midi-19\u00a0heures\u00a0; mardi 7\u00a0heures-8\u00a0h\u00a030 et 12\u00a0h\u00a030-19\u00a0heures\u00a0; mercredi\u00a09\u00a0h\u00a030-19\u00a0heures (bassin sportif 9\u00a0h\u00a030-10\u00a0h\u00a030 et midi-19\u00a0heures)\u00a0; jeudi\u00a0midi-21\u00a0heures\u00a0; samedi\u00a09\u00a0heures-midi et 13\u00a0h\u00a030-17\u00a0h\u00a030\u00a0; dimanche\u00a09\u00a0heures-12h30. Horaires d\u2019\u00e9t\u00e9 non communiqu\u00e9s. Tarif Caluirards 4,70\u00a0\u20ac, non-r\u00e9sidents 9,10\u00a0\u20ac.<\/p>\n<p><a href=\"https:\/\/www.leprogres.fr\/social\/2025\/12\/17\/meyzieu-le-centre-aquatique-les-vagues-est-ferme-on-vous-explique-pourquoi\" target=\"_blank\" rel=\"nofollow noopener\">La Vague<\/a>, \u00e0 Meyzieu. Ouverte en semaine de midi \u00e0 14\u00a0heures puis de 17\u00a0\u00e0 21\u00a0heures (sauf le mercredi\u00a0midi-21 heures). Elle est ouverte le week-end de 9 \u00e0 18\u00a0heures. Pendant les vacances, 10h20h en semaine sauf le mardi\u00a021\u00a0h. Samedi et dimanche\u00a0: 10\u00a0h-18\u00a0h. Tarif\u00a0: Majolans 5\u00a0\u20ac ext\u00e9rieurs 6,30\u00a0\u20ac.<\/p>\n<p><a href=\"https:\/\/www.leprogres.fr\/insolite\/2024\/03\/18\/rillieux-la-pape-non-la-piscine-ne-s-est-pas-videe-pendant-la-nuit\" target=\"_blank\" rel=\"nofollow noopener\">Origami<\/a> \u00e0 Rillieux-la-Pape\u00a0: ouverte tous les jours de midi \u00e0 20\u00a0h mais avec une pause entre 14\u00a0h et 17\u00a0h sauf le mercredi. Pendant les vacances, tous les jours entre 10 heures et 19\u00a0h\u00a030\u2026 Ouverte jusqu\u2019\u00e0 21 heures jeudi 28\u00a0mai. Tarifs\u00a0: Rilliards 5,25\u00a0\u20ac (r\u00e9duit 3, 85\u00a0\u20ac), ext\u00e9rieurs 6,90\u00a0\u20ac. La fr\u00e9quentation en temps r\u00e9el est affich\u00e9e sur son site.<\/p>\n<p><a href=\"https:\/\/www.leprogres.fr\/politique\/2025\/12\/12\/construction-d-un-centre-aquatique-et-d-une-halle-sportive-la-ville-d-oullins-pierre-benite-a-achete-les-terrains\" target=\"_blank\" rel=\"nofollow noopener\">Piscine Oullins-Pierre-B\u00e9nite<\/a> : pas de grande amplitude horaire pendant l\u2019ann\u00e9e scolaire, mais ouverte samedi toute la journ\u00e9e et dimanche matin. \u00c0 partir du 15\u00a0juin, c\u2019est en revanche de 11\u00a0h \u00e0 19\u00a0h ou 20\u00a0h tous les jours sauf le lundi et le jeudi. Et \u00e0 partir du 4\u00a0juillet \u00e9galement le lundi et jeudi. Tarif\u00a0: 4\u00a0\u20ac r\u00e9sidents, 7\u00a0\u20ac ext\u00e9rieurs. Une autre piscine est lanc\u00e9e dans le quartier de la Saulaie, pour une ouverture envisag\u00e9e en septembre\u00a02029.<\/p>\n<p><a href=\"https:\/\/www.leprogres.fr\/politique\/2023\/03\/09\/la-gestion-du-nautile-fait-debat-au-sein-de-la-communaute-d-agglomeration\" target=\"_blank\" rel=\"nofollow noopener\">Centre le Nautile \u00e0 Villefranche-sur-Sa\u00f4ne<\/a>. Le bassin ludique et le bassin sportif sont ouverts de 12h \u00e0 20 heures en semaine et de 12h \u00e0 19 le samedi et de 9h \u00e0 19h le dimanche. Tarif : 8,20 \u20ac (r\u00e9duit 6,50 \u20ac)<\/p>\n<p>  <strong>Les plus secr\u00e8tes<\/strong><\/p>\n<p><a href=\"https:\/\/www.leprogres.fr\/societe\/2022\/05\/10\/l-ammonite-comme-si-vous-y-etiez\" target=\"_blank\" rel=\"nofollow noopener\">L\u2019Ammonite \u00e0 la Mulati\u00e8re<\/a> offre son bassin de 25\u00a0m sur des horaires variables, l\u2019apr\u00e8s-midi, du lundi au samedi. Pendant les vacances, ce sera de 12\u00a0h\u00a015 \u00e0 19\u00a0h les m\u00eames jours. Mais elle sera ferm\u00e9e les trois premi\u00e8res semaines d\u2019ao\u00fbt. 3\u00a0\u20ac pour les r\u00e9sidents, 6\u00a0\u20ac pour les ext\u00e9rieurs<\/p>\n<p>Le nouveau centre nautique <a href=\"https:\/\/www.leprogres.fr\/societe\/2026\/05\/08\/complexe-nautique-auguste-delaune-a-venissieux-le-chantier-dans-sa-derniere-ligne-droite\" target=\"_blank\" rel=\"nofollow noopener\">Delaune de V\u00e9nissieux<\/a> doit ouvrir le 1er\u00a0juin selon les informations recueillies au standard de la mairie de V\u00e9nissieux. L\u2019\u00e9tablissement devrait accueillir les baigneurs de 10\u00a0h \u00e0 20\u00a0h, avec une fermeture \u00e0 21\u00a0h le jeudi en p\u00e9riode estivale. Tarif non communiqu\u00e9.<\/p>\n<p><a href=\"https:\/\/www.leprogres.fr\/culture-loisirs\/2025\/08\/04\/seulement-une-piscine-ouverte-cet-ete-pour-plus-de-160-000-habitants-a-villeurbanne-on-vous-explique-pourquoi\" target=\"_blank\" rel=\"nofollow noopener\">Boulloche \u00e0 Villeurbanne<\/a> est ouverte de 17\u00a0h\u00a030 \u00e0 20 le lundi, mercredi, vendredi, de 12\u00a0h \u00e0 14\u00a0h le mardi, sur les deux tranches le jeudi. Le samedi de 15\u00a0h \u00e0 18\u00a0h et le dimanche de 9\u00a0h \u00e0 12\u00a0h. Tarif 4,50\u00a0\u20ac<\/p>\n<p>\u00a0Les tarifs sont donn\u00e9s sans r\u00e9duction, ni cartes d\u2019abonnement. Les horaires peuvent \u00eatre modifi\u00e9s, notamment dans les piscines lyonnaises. Certains centres nautiques exigent des r\u00e9servations. N\u2019h\u00e9sitez donc pas \u00e0 consulter les sites des mairies pour v\u00e9rifier ou pour davantage d\u2019informations.<\/p>\n","protected":false},"excerpt":{"rendered":"Les olympiques (bassin de 50 m\u00e8tres) Piscine du Rh\u00f4ne \u00e0 Lyon 7e (centre Tony-Bertrand). Ouverte le week-end du&hellip;\n","protected":false},"author":2,"featured_media":962470,"comment_status":"","ping_status":"","sticky":false,"template":"","format":"standard","meta":{"footnotes":"","_share_on_mastodon":"0"},"categories":[1889],"tags":[1111,11,2430,15842,6698,3152,2757,3156,1777,674,1011,27,17973,2428,12497,5216,12,15665,25,2429,17092,517,4375,15992],"class_list":["post-962469","post","type-post","status-publish","format-standard","has-post-thumbnail","category-lyon","tag-actu","tag-actualites","tag-auvergne-rhone-alpes","tag-caluire-et-cuire","tag-canicule","tag-edition-est-lyonnais","tag-edition-lyon-villeurbanne","tag-edition-villefranche","tag-eu","tag-europe","tag-fr","tag-france","tag-la-mulatiere","tag-lyon","tag-meyzieu","tag-natation","tag-news","tag-oullins-pierre-benite","tag-republique-francaise","tag-rhone","tag-rillieux-la-pape","tag-sport","tag-venissieux","tag-villefranche-sur-saone"],"share_on_mastodon":{"url":"https:\/\/pubeurope.com\/@fr\/116652567908103576","error":""},"_links":{"self":[{"href":"https:\/\/www.europesays.com\/fr\/wp-json\/wp\/v2\/posts\/962469","targetHints":{"allow":["GET"]}}],"collection":[{"href":"https:\/\/www.europesays.com\/fr\/wp-json\/wp\/v2\/posts"}],"about":[{"href":"https:\/\/www.europesays.com\/fr\/wp-json\/wp\/v2\/types\/post"}],"author":[{"embeddable":true,"href":"https:\/\/www.europesays.com\/fr\/wp-json\/wp\/v2\/users\/2"}],"replies":[{"embeddable":true,"href":"https:\/\/www.europesays.com\/fr\/wp-json\/wp\/v2\/comments?post=962469"}],"version-history":[{"count":0,"href":"https:\/\/www.europesays.com\/fr\/wp-json\/wp\/v2\/posts\/962469\/revisions"}],"wp:featuredmedia":[{"embeddable":true,"href":"https:\/\/www.europesays.com\/fr\/wp-json\/wp\/v2\/media\/962470"}],"wp:attachment":[{"href":"https:\/\/www.europesays.com\/fr\/wp-json\/wp\/v2\/media?parent=962469"}],"wp:term":[{"taxonomy":"category","embeddable":true,"href":"https:\/\/www.europesays.com\/fr\/wp-json\/wp\/v2\/categories?post=962469"},{"taxonomy":"post_tag","embeddable":true,"href":"https:\/\/www.europesays.com\/fr\/wp-json\/wp\/v2\/tags?post=962469"}],"curies":[{"name":"wp","href":"https:\/\/api.w.org\/{rel}","templated":true}]}}