{"id":96251,"date":"2025-05-13T07:33:08","date_gmt":"2025-05-13T07:33:08","guid":{"rendered":"https:\/\/www.europesays.com\/fr\/96251\/"},"modified":"2025-05-13T07:33:08","modified_gmt":"2025-05-13T07:33:08","slug":"eva-16-ans-portee-disparue-a-nice-depuis-le-1er-mai-retrouvee-saine-et-sauve","status":"publish","type":"post","link":"https:\/\/www.europesays.com\/fr\/96251\/","title":{"rendered":"\u00c9va, 16 ans, port\u00e9e disparue \u00e0 Nice depuis le 1er mai, retrouv\u00e9e \u00ab\u00a0saine et sauve\u00a0\u00bb"},"content":{"rendered":"<p>Un appel \u00e0 l&rsquo;aide qui a fonctionn\u00e9 ! <a href=\"https:\/\/www.laprovence.com\/article\/faits-divers-justice\/58797968865514\/eva-16-ans-portee-disparue-a-nice-sa-mere-evoque-un-reseau-de-prostitution-et-lemprise-de-mauvaises-relations\" target=\"_blank\" rel=\"nofollow noopener\">\u00c9va, 16 ans, \u00e9tait port\u00e9e disparue depuis le jeudi 1er mai dernier<\/a>. Originaire de Nice, l&rsquo;adolescente n&rsquo;avait plus donn\u00e9 signe de vie \u00e0 ses parents. Elle a finalement \u00e9t\u00e9 retrouv\u00e9e \u00ab\u00a0saine et sauve\u00a0\u00bb ce lundi soir, rapporte le site de <a href=\"https:\/\/www.nicematin.com\/faits-divers\/disparue-le-1er-mai-la-jeune-eva-a-ete-retrouvee-saine-et-sauve-par-la-police-a-nice-985524\" target=\"_blank\" rel=\"nofollow noopener\">Nice-Matin<\/a>. Sa m\u00e8re craignait notamment que sa fille soit entre les mains d&rsquo;un r\u00e9seau de prox\u00e9n\u00e9tisme \u00e9voquant un petit-ami peu recommandable.\u00a0<\/p>\n<p>Le portrait d&rsquo;\u00c9va avait \u00e9t\u00e9 partag\u00e9 sur les r\u00e9seaux sociaux et dans les m\u00e9dias par ses proches. C&rsquo;est ce qui a permis \u00e0 un Ni\u00e7ois de reconna\u00eetre l&rsquo;adolescente dans la rue ce lundi soir.<\/p>\n<p>\u00c9va a tent\u00e9 de prendre la fuite<\/p>\n<p>Comme le rapporte le site de <a href=\"https:\/\/www.nicematin.com\/faits-divers\/disparue-le-1er-mai-la-jeune-eva-a-ete-retrouvee-saine-et-sauve-par-la-police-a-nice-985524\" target=\"_blank\" rel=\"nofollow noopener\">Nice-Matin<\/a>, ce riverain a rapidement pr\u00e9venu la police qui a pu prendre en charge \u00c9va. Le procureur de la R\u00e9publique, Damien Martinelli, a confirm\u00e9 cette information.<\/p>\n<p>Selon le secr\u00e9taire d\u00e9partemental d&rsquo;Un1t\u00e9 police 06, \u00ab\u00a0la petite a tent\u00e9 de prendre la fuite. Les coll\u00e8gues de police secours l&rsquo;ont ramen\u00e9e saine et sauve. La famille a \u00e9t\u00e9 avertie\u00a0\u00bb. Reste \u00e0 savoir o\u00f9 \u00e9tait \u00c9va durant ces 12 jours. \u00ab\u00a0Mes coll\u00e8gues \u00e9taient super contents. Police secours, ce sont ces policiers du quotidien qui r\u00e9pondent syst\u00e9matiquement pr\u00e9sents, sans jamais savoir sur quoi ils vont tomber. Ils ont fait le boulot. Cette affaire aurait pu \u00eatre dramatique et se termine bien\u00a0\u00bb, r\u00e9agit le membre d&rsquo;Un1t\u00e9 police 06.<\/p>\n","protected":false},"excerpt":{"rendered":"Un appel \u00e0 l&rsquo;aide qui a fonctionn\u00e9 ! \u00c9va, 16 ans, \u00e9tait port\u00e9e disparue depuis le jeudi 1er&hellip;\n","protected":false},"author":2,"featured_media":96252,"comment_status":"","ping_status":"","sticky":false,"template":"","format":"standard","meta":{"footnotes":""},"categories":[2819],"tags":[15467,17,1111,11,1764,394,6044,1777,674,18179,274,1011,27,12,2401,14833,882,25],"class_list":{"0":"post-96251","1":"post","2":"type-post","3":"status-publish","4":"format-standard","5":"has-post-thumbnail","7":"category-nice","8":"tag-1er","9":"tag-17","10":"tag-actu","11":"tag-actualites","12":"tag-ans","13":"tag-depuis","14":"tag-disparue","15":"tag-eu","16":"tag-europe","17":"tag-eva","18":"tag-faits-divers-justice","19":"tag-fr","20":"tag-france","21":"tag-news","22":"tag-nice","23":"tag-portee","24":"tag-provence-alpes-cote-dazur","25":"tag-republique-francaise"},"share_on_mastodon":{"url":"https:\/\/pubeurope.com\/@fr\/114499367981879969","error":""},"_links":{"self":[{"href":"https:\/\/www.europesays.com\/fr\/wp-json\/wp\/v2\/posts\/96251","targetHints":{"allow":["GET"]}}],"collection":[{"href":"https:\/\/www.europesays.com\/fr\/wp-json\/wp\/v2\/posts"}],"about":[{"href":"https:\/\/www.europesays.com\/fr\/wp-json\/wp\/v2\/types\/post"}],"author":[{"embeddable":true,"href":"https:\/\/www.europesays.com\/fr\/wp-json\/wp\/v2\/users\/2"}],"replies":[{"embeddable":true,"href":"https:\/\/www.europesays.com\/fr\/wp-json\/wp\/v2\/comments?post=96251"}],"version-history":[{"count":0,"href":"https:\/\/www.europesays.com\/fr\/wp-json\/wp\/v2\/posts\/96251\/revisions"}],"wp:featuredmedia":[{"embeddable":true,"href":"https:\/\/www.europesays.com\/fr\/wp-json\/wp\/v2\/media\/96252"}],"wp:attachment":[{"href":"https:\/\/www.europesays.com\/fr\/wp-json\/wp\/v2\/media?parent=96251"}],"wp:term":[{"taxonomy":"category","embeddable":true,"href":"https:\/\/www.europesays.com\/fr\/wp-json\/wp\/v2\/categories?post=96251"},{"taxonomy":"post_tag","embeddable":true,"href":"https:\/\/www.europesays.com\/fr\/wp-json\/wp\/v2\/tags?post=96251"}],"curies":[{"name":"wp","href":"https:\/\/api.w.org\/{rel}","templated":true}]}}