{"id":96253,"date":"2025-05-13T07:34:13","date_gmt":"2025-05-13T07:34:13","guid":{"rendered":"https:\/\/www.europesays.com\/fr\/96253\/"},"modified":"2025-05-13T07:34:13","modified_gmt":"2025-05-13T07:34:13","slug":"nantes-le-secteur-de-la-psychiatrie-en-grande-souffrance","status":"publish","type":"post","link":"https:\/\/www.europesays.com\/fr\/96253\/","title":{"rendered":"Nantes : le secteur de la psychiatrie en grande souffrance"},"content":{"rendered":"<p class=\"block date\" id=\"dateEtAuteur\">Publi\u00e9 : 8h42 &#8211; Modifi\u00e9 : 8h54 H\u00e9l\u00e8ne  HAMON <\/p>\n<p><img decoding=\"async\" class=\"\" style=\"width:100%\" src=\"https:\/\/www.europesays.com\/fr\/wp-content\/uploads\/2025\/05\/saint_jacques_batiment1747118277829.jpg\" alt=\"H\u00f4pital Saint-Jacques \u00e0 Nantes\"\/>Malgr\u00e9 les renforts annonc\u00e9s r\u00e9cemment par l&rsquo;ARS, les moyens allou\u00e9s au secteur de la psychiatrie sont insuffisants en Loire-Atlantique selon la CGT. Pour le syndicat, la situation n&rsquo;est m\u00eame plus tenable. Les professionnels du secteur sont donc appel\u00e9s \u00e0 donner de la voix ce mardi \u00e0 Nantes et \u00e0 Saint-Nazaire. <\/p>\n<p>L\u2019attaque mortelle survenue fin avril au lyc\u00e9e Notre-Dame-de-Toutes-Aides \u00e0 Nantes a r\u00e9veill\u00e9 de vieux d\u00e9mons, et notamment le manque de moyens allou\u00e9s au secteur de la psychatrie et de la p\u00e9dopsychiatrie, alors que le gouvernement a fait de la sant\u00e9 mentale une \u00ab\u00a0grande cause nationale\u00a0\u00bb.<\/p>\n<p>Pourtant, sur le terrain, <strong>les professionnels d\u00e9plorent encore et toujours le manque de moyens.<\/strong> C\u2019est ce que nous dit Elise Le Bail, infirmi\u00e8re au CHU de Nantes et d\u00e9l\u00e9gu\u00e9e CGT. \u00ab\u00a0Malgr\u00e9 nos nombreuses alertes depuis 15-20 ans sur la p\u00e9dopsychiatrie, il n&rsquo;y a rien qui a \u00e9t\u00e9 fait concr\u00e8tement. On va nous dire maintenant, \u00ab\u00a0que c&rsquo;\u00e9tait \u00e0 cause des difficult\u00e9s de recrutement\u00a0\u00bb mais quand est-ce qu&rsquo;on a fait un plan massif de formation et d&#8217;embauche de professionnels ?<\/p>\n<blockquote><p>\nIl y a une carence grave au niveau des soins\n<\/p><\/blockquote>\n<p>Il ne faut pas attendre, plus \u00e7a va plus on nous dit que c&rsquo;est compliqu\u00e9 et plus \u00e7a va, et moins on a de propositions de soins pour nos enfants donc il y a une carence grave au niveau des soins, au niveau de notre d\u00e9partement\u00a0\u00bb.<\/p>\n<p>Elise Le Bail, infirmi\u00e8re au CHU de Nantes et d\u00e9l\u00e9gu\u00e9e CGTElise Le Bail, infirmi\u00e8re au CHU de Nantes et d\u00e9l\u00e9gu\u00e9e CGT <\/p>\n<p>Les professionnels du secteur sont appel\u00e9s \u00e0 manifester ce mardi 13 mai partout en France aux c\u00f4t\u00e9s des autres professionnels de la fonction publique. A Nantes, les soignants vont manifester sous les fen\u00eatres du conseil d\u00e9partemental de Loire-Atlantique \u00e0 10h30, tandis que le rassemblement nazairien se tiendra devant la mairie \u00e0 11h.<\/p>\n<blockquote><p>\nLe d\u00e9partement compte seulement 14 lits en p\u00e9dopsychiatrie\n<\/p><\/blockquote>\n<p>Deux villes particuli\u00e8rement impact\u00e9es par le manque de moyens en p\u00e9dopsychiatrie. Le d\u00e9partement compte seulement 14 lits en p\u00e9dopsychiatrie. \u00ab\u00a0Apr\u00e8s un passage aux urgences m\u00e9dico-psychiatriques, soit les enfants sont hospitalis\u00e9s en psychiatrie adulte par manque de place en p\u00e9dopsychiatrie, soit ils retournent chez eux faute de place. Ces retours \u00e0 domicile ont tripl\u00e9 en deux ans. Ils \u00e9taient de 53 en 2022 et nous sommes pass\u00e9s \u00e0 162 enfants retourn\u00e9s \u00e0 leur domicile faute place en 2024&#8230;\u00a0<strong>Des enfants en d\u00e9tresse psychique, qui pour la plupart venaient apr\u00e8s une tentative de suicide. On est en train d&rsquo;abandonner nos enfants&#8230;\u00a0\u00bb<\/strong><\/p>\n<p>Elise Le Bail, infirmi\u00e8re au CHU de Nantes et d\u00e9l\u00e9gu\u00e9e CGTElise Le Bail, infirmi\u00e8re au CHU de Nantes et d\u00e9l\u00e9gu\u00e9e CGT<img decoding=\"async\" class=\"\" style=\"width:100%\" src=\"https:\/\/www.europesays.com\/fr\/wp-content\/uploads\/2025\/05\/CHU_Nantes_enfant_ado_H1747118753038.jpg\" alt=\"CHU de Nantes\"\/><\/p>\n<p>Cr\u00e9dit : Dolor\u00e8s Charles<\/p>\n<p>La psyhiatrie adultes n&rsquo;est pas en reste selon Elise Le Bail. \u00ab\u00a0On a 130 lits de psychiatrie &#8211; adultes et p\u00e9dopsychiatrie &#8211; qui ont ferm\u00e9 en deux ans sur notre d\u00e9partement. Ce n&rsquo;est pas rien. Des lits d&rsquo;admission Epsylan \u00e0 Blin qui ont ferm\u00e9 et des admissions qui ont \u00e9t\u00e9 r\u00e9duites \u00e0 l&rsquo;h\u00f4pital de Saint-Nazaire. Nous sommes tr\u00e8s inquiets pour la prise en charge de nos patients.\u00a0\u00bb<\/p>\n<blockquote><p>\nCombien de patients en rupture de soins ?\n<\/p><\/blockquote>\n<p>L&rsquo;Agence r\u00e9gionale de sant\u00e9 a annonc\u00e9 plusieurs mesures pour tenter d&rsquo;endiguer l&rsquo;h\u00e9morragie dans le secteur de la psychiatrie. Parmi elles, la cr\u00e9ation de 25 postes au CHU de Nantes. De nouveaux moyens jug\u00e9s insuffisants par les syndicats qui s&rsquo;inqui\u00e8tent aussi pour la sant\u00e9 mentale des soignants.<\/p>\n<p><strong>\u00ab\u00a0En un an, il y a eu deux tentatives de suicide, et un coll\u00e8gue s&rsquo;est laiss\u00e9 mourir ce n\u2019est pas rien. Il y a de la souffrance au CHU de Nantes et nous sommes alert\u00e9s ces derniers jours.<\/strong> Moi, je suis \u00e9norm\u00e9ment frapp\u00e9e et tr\u00e8s affect\u00e9e par des coll\u00e8gues qui veulent mettre fin \u00e0 leurs jours : on arrive \u00e0 les raisonner finalement mais nous sommes frapp\u00e9s par la souffrance et la d\u00e9tresse des soignants. Il faut une bienveillance envers nos professionnels. Ce n&rsquo;est pas le cas parce que tout est violent. On subit les conditions de travail en sous-effectifs permanents, on essaye de tenir, ce n&rsquo;est plus possible de continuer comme \u00e7a\u00a0\u00bb.<\/p>\n<p>Elise Le Bail, infirmi\u00e8re au CHU de Nantes et d\u00e9l\u00e9gu\u00e9e CGTElise Le Bail, infirmi\u00e8re au CHU de Nantes et d\u00e9l\u00e9gu\u00e9e CGT <\/p>\n<blockquote><p>\nUne plainte d\u00e9pos\u00e9e\n<\/p><\/blockquote>\n<p>Mi-avril, une plainte a \u00e9t\u00e9 d\u00e9pos\u00e9e contre trois ministres devant la Cour de justice de la r\u00e9publique : Catherine Vautrin, \u00c9lisabeth Borne et Yannick Neuder sont vis\u00e9s par une action en justice diligent\u00e9e par une vingtaine de plaignants qui d\u00e9noncent le harc\u00e8lement moral \u00e0 l&rsquo;h\u00f4pital public apr\u00e8s plusieurs suicides de soignants.<\/p>\n<p>Elise Le Bail, infirmi\u00e8re au CHU de Nantes et d\u00e9l\u00e9gu\u00e9e CGTElise Le Bail, infirmi\u00e8re au CHU de Nantes et d\u00e9l\u00e9gu\u00e9e CGT<\/p>\n","protected":false},"excerpt":{"rendered":"Publi\u00e9 : 8h42 &#8211; Modifi\u00e9 : 8h54 H\u00e9l\u00e8ne HAMON Malgr\u00e9 les renforts annonc\u00e9s r\u00e9cemment par l&rsquo;ARS, les moyens&hellip;\n","protected":false},"author":2,"featured_media":96254,"comment_status":"","ping_status":"","sticky":false,"template":"","format":"standard","meta":{"footnotes":""},"categories":[2818],"tags":[1111,11,1271,20972,1777,674,1011,27,11905,766,12,9532,2636,235,25,20973],"class_list":{"0":"post-96253","1":"post","2":"type-post","3":"status-publish","4":"format-standard","5":"has-post-thumbnail","7":"category-nantes","8":"tag-actu","9":"tag-actualites","10":"tag-cgt","11":"tag-elise-le-bail","12":"tag-eu","13":"tag-europe","14":"tag-fr","15":"tag-france","16":"tag-lits","17":"tag-nantes","18":"tag-news","19":"tag-patient","20":"tag-pays-de-la-loire","21":"tag-psychiatrie","22":"tag-republique-francaise","23":"tag-soignant"},"share_on_mastodon":{"url":"https:\/\/pubeurope.com\/@fr\/114499372251384433","error":""},"_links":{"self":[{"href":"https:\/\/www.europesays.com\/fr\/wp-json\/wp\/v2\/posts\/96253","targetHints":{"allow":["GET"]}}],"collection":[{"href":"https:\/\/www.europesays.com\/fr\/wp-json\/wp\/v2\/posts"}],"about":[{"href":"https:\/\/www.europesays.com\/fr\/wp-json\/wp\/v2\/types\/post"}],"author":[{"embeddable":true,"href":"https:\/\/www.europesays.com\/fr\/wp-json\/wp\/v2\/users\/2"}],"replies":[{"embeddable":true,"href":"https:\/\/www.europesays.com\/fr\/wp-json\/wp\/v2\/comments?post=96253"}],"version-history":[{"count":0,"href":"https:\/\/www.europesays.com\/fr\/wp-json\/wp\/v2\/posts\/96253\/revisions"}],"wp:featuredmedia":[{"embeddable":true,"href":"https:\/\/www.europesays.com\/fr\/wp-json\/wp\/v2\/media\/96254"}],"wp:attachment":[{"href":"https:\/\/www.europesays.com\/fr\/wp-json\/wp\/v2\/media?parent=96253"}],"wp:term":[{"taxonomy":"category","embeddable":true,"href":"https:\/\/www.europesays.com\/fr\/wp-json\/wp\/v2\/categories?post=96253"},{"taxonomy":"post_tag","embeddable":true,"href":"https:\/\/www.europesays.com\/fr\/wp-json\/wp\/v2\/tags?post=96253"}],"curies":[{"name":"wp","href":"https:\/\/api.w.org\/{rel}","templated":true}]}}