{"id":96294,"date":"2025-05-13T07:55:09","date_gmt":"2025-05-13T07:55:09","guid":{"rendered":"https:\/\/www.europesays.com\/fr\/96294\/"},"modified":"2025-05-13T07:55:09","modified_gmt":"2025-05-13T07:55:09","slug":"les-travaillistes-accelerent-sur-leur-plan-de-reduction-de-limmigration","status":"publish","type":"post","link":"https:\/\/www.europesays.com\/fr\/96294\/","title":{"rendered":"les travaillistes acc\u00e9l\u00e8rent sur leur plan de r\u00e9duction de l&rsquo;immigration"},"content":{"rendered":"<p>Faire baisser l\u2019immigration demeure l\u2019un des grands objectifs du gouvernement travailliste britannique, menac\u00e9 dans les sondages et lors des derni\u00e8res \u00e9lections par l\u2019extr\u00eame droite. Downing Street a d\u00e9voil\u00e9, le lundi 12 mai, son plan pour diviser le solde migratoire de plus de moiti\u00e9.<\/p>\n<p>Parmi les mesures du gouvernement britannique pour faire baisser l\u2019<strong><a href=\"https:\/\/www.rfi.fr\/fr\/tag\/immigration\/\" rel=\"nofollow noopener\" target=\"_blank\" data-ylk=\"slk:immigration;elm:context_link;itc:0;sec:content-canvas\" class=\"link \">immigration<\/a><\/strong>, \u00e9crit notre correspondante \u00e0 Londres, \u00c9meline Vin, figure le rel\u00e8vement du niveau minimum d\u2019anglais pour tous les demandeurs de visas &#8211; m\u00eame les personnes \u00e0 charge &#8211; le doublement de la dur\u00e9e minimum pour pr\u00e9tendre \u00e0 un titre de s\u00e9jour illimit\u00e9 et surtout un embargo sur les recrutements d\u2019\u00e9trangers dans le secteur m\u00e9dico-social.<\/p>\n<p>Ces mesures sont jug\u00e9es n\u00e9cessaires par <strong><a href=\"https:\/\/www.rfi.fr\/fr\/tag\/keir-starmer\/\" class=\"link \" rel=\"nofollow noopener\" target=\"_blank\" data-ylk=\"slk:Keir Starmer;elm:context_link;itc:0;sec:content-canvas\">Keir Starmer<\/a><\/strong>, alors que le solde migratoire a quadrupl\u00e9 en quatre ans. Il \u00e9tait positif de 728 000 personnes entre juin 2023 et juin 2024. \u00ab C\u2019est une strat\u00e9gie essentielle pour mon programme de changement, a expos\u00e9 le Premier ministre. Pour reprendre le contr\u00f4le sur nos fronti\u00e8res et mettre un terme \u00e0 un chapitre sordide pour notre politique, notre \u00e9conomie et notre pays. \u00bb Outre l&rsquo;immigration l\u00e9gale, le gouvernement est \u00e9galement sous pression pour endiguer l&rsquo;arriv\u00e9e de migrants traversant la Manche sur de petites embarcations. Quelque 36 800 sont arriv\u00e9s l&rsquo;an dernier, et plus de 11 000 depuis le d\u00e9but de l&rsquo;ann\u00e9e.<\/p>\n<p>Rh\u00e9torique de l&rsquo;extr\u00eame droite<\/p>\n<p><a href=\"https:\/\/www.rfi.fr\/fr\/europe\/20250513-royaume-uni-les-travaillistes-acc%C3%A9l%C3%A8rent-sur-leur-plan-de-r%C3%A9duction-de-l-immigration\" rel=\"nofollow noopener\" target=\"_blank\" data-ylk=\"slk:Lire la suite sur RFI;elm:context_link;itc:0;sec:content-canvas\" class=\"link \">Lire la suite sur RFI<\/a><\/p>\n","protected":false},"excerpt":{"rendered":"Faire baisser l\u2019immigration demeure l\u2019un des grands objectifs du gouvernement travailliste britannique, menac\u00e9 dans les sondages et lors&hellip;\n","protected":false},"author":2,"featured_media":96295,"comment_status":"","ping_status":"","sticky":false,"template":"","format":"standard","meta":{"footnotes":""},"categories":[1588],"tags":[11,1777,674,2580,2581,20975,12,473,1853,20976,1851,1850,1852],"class_list":{"0":"post-96294","1":"post","2":"type-post","3":"status-publish","4":"format-standard","5":"has-post-thumbnail","7":"category-royaume-uni","8":"tag-actualites","9":"tag-eu","10":"tag-europe","11":"tag-gouvernement-britannique","12":"tag-keir-starmer","13":"tag-limmigration","14":"tag-news","15":"tag-royaume-uni","16":"tag-royaume-uni-de-grande-bretagne-et-dirlande-du-nord","17":"tag-solde-migratoire","18":"tag-uk","19":"tag-united-kingdom","20":"tag-united-kingdom-of-great-britain-and-northern-ireland"},"share_on_mastodon":{"url":"https:\/\/pubeurope.com\/@fr\/114499454451849668","error":""},"_links":{"self":[{"href":"https:\/\/www.europesays.com\/fr\/wp-json\/wp\/v2\/posts\/96294","targetHints":{"allow":["GET"]}}],"collection":[{"href":"https:\/\/www.europesays.com\/fr\/wp-json\/wp\/v2\/posts"}],"about":[{"href":"https:\/\/www.europesays.com\/fr\/wp-json\/wp\/v2\/types\/post"}],"author":[{"embeddable":true,"href":"https:\/\/www.europesays.com\/fr\/wp-json\/wp\/v2\/users\/2"}],"replies":[{"embeddable":true,"href":"https:\/\/www.europesays.com\/fr\/wp-json\/wp\/v2\/comments?post=96294"}],"version-history":[{"count":0,"href":"https:\/\/www.europesays.com\/fr\/wp-json\/wp\/v2\/posts\/96294\/revisions"}],"wp:featuredmedia":[{"embeddable":true,"href":"https:\/\/www.europesays.com\/fr\/wp-json\/wp\/v2\/media\/96295"}],"wp:attachment":[{"href":"https:\/\/www.europesays.com\/fr\/wp-json\/wp\/v2\/media?parent=96294"}],"wp:term":[{"taxonomy":"category","embeddable":true,"href":"https:\/\/www.europesays.com\/fr\/wp-json\/wp\/v2\/categories?post=96294"},{"taxonomy":"post_tag","embeddable":true,"href":"https:\/\/www.europesays.com\/fr\/wp-json\/wp\/v2\/tags?post=96294"}],"curies":[{"name":"wp","href":"https:\/\/api.w.org\/{rel}","templated":true}]}}