{"id":96300,"date":"2025-05-13T07:58:10","date_gmt":"2025-05-13T07:58:10","guid":{"rendered":"https:\/\/www.europesays.com\/fr\/96300\/"},"modified":"2025-05-13T07:58:10","modified_gmt":"2025-05-13T07:58:10","slug":"le-ministre-prevot-souhaite-un-debat-sur-laccord-dassociation-ue-israel-si-ca-ne-tenait-quaux-engages-ils-auraient-deja-pris-des-sanctions","status":"publish","type":"post","link":"https:\/\/www.europesays.com\/fr\/96300\/","title":{"rendered":"Le ministre Pr\u00e9vot souhaite un d\u00e9bat sur l&rsquo;accord d&rsquo;association UE\/Isra\u00ebl\u00a0: si \u00e7a ne tenait qu&rsquo;aux Engag\u00e9s, ils auraient d\u00e9j\u00e0 pris \u00ab\u00a0des sanctions\u00a0\u00bb"},"content":{"rendered":"<p class=\"ap-StoryElement ap-StoryElement--mb ap-StoryText\">Le d\u00e9bat sur la reconnaissance de l&rsquo;\u00c9tat palestinien est aussi revenu \u00e0 l&rsquo;agenda. En amont d&rsquo;une conf\u00e9rence attendue en juin aux Nations Unies, le pr\u00e9sident fran\u00e7ais Emmanuel Macron a propos\u00e9 de proc\u00e9der \u00e0 une reconnaissance mutuelle d&rsquo;Isra\u00ebl et de la Palestine.<\/p>\n<p class=\"ap-StoryElement ap-StoryElement--mb ap-StoryText\">\u00ab\u00a0L&rsquo;initiative de la France et de l&rsquo;Arabie saoudite est suivie avec beaucoup d&rsquo;int\u00e9r\u00eat\u00a0\u00bb, a rappel\u00e9 Maxime Pr\u00e9vot selon qui \u00ab\u00a0l&rsquo;enjeu n&rsquo;est pas de savoir si le gouvernement Arizona veut ou ne veut pas reconna\u00eetre un \u00c9tat palestinien\u00a0\u00bb. \u00ab\u00a0Il est pr\u00e9vu de le faire. La question est de savoir \u00e0 quelle condition.\u00a0\u00bb Pour le chef de la diplomatie belge, \u00ab\u00a0le momentum sera peut-\u00eatre celui de juin [\u2026], peut-\u00eatre que ce sera plus tard\u2026 mais la reconnaissance est inscrite dans les astres\u00a0\u00bb.<\/p>\n<p>\u00ab\u00a0L&rsquo;urgence, c&rsquo;est d&#8217;emp\u00eacher que des gens continuent de mourir de faim, de soif\u00a0\u00bb<\/p>\n<p class=\"ap-StoryElement ap-StoryElement--mb ap-StoryText\">Pour le Namurois, ce d\u00e9bat ne doit pas occulter la priorit\u00e9 du moment\u00a0: \u00ab\u00a0Qu&rsquo;on ne se trompe pas d&rsquo;urgence. L&rsquo;urgence n&rsquo;est pas, malgr\u00e9 la port\u00e9e symbolique, de reconna\u00eetre dans les 24\u00a0heures l&rsquo;\u00c9tat palestinien. L&rsquo;urgence, c&rsquo;est d&#8217;emp\u00eacher que des gens continuent de mourir de faim, de soif\u00a0\u00bb.<\/p>\n<p class=\"ap-StoryElement ap-StoryElement--mb ap-StoryText\">Le ministre a d\u00e9velopp\u00e9 une s\u00e9quence en trois actes. \u00ab\u00a0Un\u00a0: faire en sorte que le blocus humanitaire saute. Deux\u00a0: que l&rsquo;on puisse avoir un cessez-le-feu et que les bombes arr\u00eatent de tomber. Et bien entendu \u00e0 l&rsquo;agenda, on conserve la reconnaissance de l&rsquo;\u00c9tat palestinien.\u00a0\u00bb<\/p>\n","protected":false},"excerpt":{"rendered":"Le d\u00e9bat sur la reconnaissance de l&rsquo;\u00c9tat palestinien est aussi revenu \u00e0 l&rsquo;agenda. En amont d&rsquo;une conf\u00e9rence attendue&hellip;\n","protected":false},"author":2,"featured_media":96301,"comment_status":"","ping_status":"","sticky":false,"template":"","format":"standard","meta":{"footnotes":""},"categories":[1586],"tags":[11,2120,312,1777,674,1779,1011,27,20977,664,12,3518,25,1778,364],"class_list":{"0":"post-96300","1":"post","2":"type-post","3":"status-publish","4":"format-standard","5":"has-post-thumbnail","7":"category-europe","8":"tag-actualites","9":"tag-conflit","10":"tag-diplomatie","11":"tag-eu","12":"tag-europe","13":"tag-european-union","14":"tag-fr","15":"tag-france","16":"tag-gvtfed","17":"tag-israel","18":"tag-news","19":"tag-palestine","20":"tag-republique-francaise","21":"tag-ue","22":"tag-union-europeenne"},"share_on_mastodon":{"url":"https:\/\/pubeurope.com\/@fr\/114499466325371665","error":""},"_links":{"self":[{"href":"https:\/\/www.europesays.com\/fr\/wp-json\/wp\/v2\/posts\/96300","targetHints":{"allow":["GET"]}}],"collection":[{"href":"https:\/\/www.europesays.com\/fr\/wp-json\/wp\/v2\/posts"}],"about":[{"href":"https:\/\/www.europesays.com\/fr\/wp-json\/wp\/v2\/types\/post"}],"author":[{"embeddable":true,"href":"https:\/\/www.europesays.com\/fr\/wp-json\/wp\/v2\/users\/2"}],"replies":[{"embeddable":true,"href":"https:\/\/www.europesays.com\/fr\/wp-json\/wp\/v2\/comments?post=96300"}],"version-history":[{"count":0,"href":"https:\/\/www.europesays.com\/fr\/wp-json\/wp\/v2\/posts\/96300\/revisions"}],"wp:featuredmedia":[{"embeddable":true,"href":"https:\/\/www.europesays.com\/fr\/wp-json\/wp\/v2\/media\/96301"}],"wp:attachment":[{"href":"https:\/\/www.europesays.com\/fr\/wp-json\/wp\/v2\/media?parent=96300"}],"wp:term":[{"taxonomy":"category","embeddable":true,"href":"https:\/\/www.europesays.com\/fr\/wp-json\/wp\/v2\/categories?post=96300"},{"taxonomy":"post_tag","embeddable":true,"href":"https:\/\/www.europesays.com\/fr\/wp-json\/wp\/v2\/tags?post=96300"}],"curies":[{"name":"wp","href":"https:\/\/api.w.org\/{rel}","templated":true}]}}