{"id":96312,"date":"2025-05-13T08:05:07","date_gmt":"2025-05-13T08:05:07","guid":{"rendered":"https:\/\/www.europesays.com\/fr\/96312\/"},"modified":"2025-05-13T08:05:07","modified_gmt":"2025-05-13T08:05:07","slug":"atp-serguei-medvedev-pere-de-daniil-novak-djokovic-est-a-lorigine-des-progres-de-mon-fils-il-la-aide-je-len-remercie-personnellement","status":"publish","type":"post","link":"https:\/\/www.europesays.com\/fr\/96312\/","title":{"rendered":"ATP > Sergue\u00ef Medvedev, p\u00e8re de Daniil : \u00ab\u00a0Novak Djokovic est \u00e0 l&rsquo;origine des progr\u00e8s de mon fils. Il l&rsquo;a aid\u00e9. Je l&rsquo;en remercie personnellement\u00a0\u00bb"},"content":{"rendered":"<p>Le p\u00e8re de Daniil a r\u00e9cem\u00adment expliqu\u00e9 le r\u00f4le jou\u00e9 par Roger Federer mais aussi Novak Djokovic dans la carri\u00e8re de son fils. Ces propos ont \u00e9t\u00e9 recueillis par un compte Twitter centr\u00e9 sur la carri\u00e8re de Medvedev.<\/p>\n<blockquote class=\"twitter-tweet\">\n<p lang=\"en\" dir=\"ltr\">Dad of Daniil Medvedev\u00a0: \u201cI used to cheer for Federer. I liked how he played &amp; his logic of tennis. Later, I started liking Djokovic. Novak has to do with progress of Daniil. He helped him. I perso\u00adnally thanked him for that. After trai\u00adning with Novak, Daniil made huge progress\u201d. <a href=\"https:\/\/t.co\/8x41J8YxRE\" data-wpel-link=\"external\" target=\"_blank\" rel=\"nofollow external noopener\">pic.twitter.com\/8x41J8YxRE<\/a><\/p>\n<p>\u2014 Yerik_Ilyassov \ud83c\udfbe (@yerikilyassov) <a href=\"https:\/\/twitter.com\/yerikilyassov\/status\/1922013943070916824?ref_src=twsrc%5Etfw\" data-wpel-link=\"external\" target=\"_blank\" rel=\"nofollow external noopener\">May 12,\u00a02025<\/a><\/p><\/blockquote>\n<p>\u00ab\u202f<strong>J\u2019encourageais Roger Federer. J\u2019aimais son jeu et sa logique tennis\u00adtique. Plus tard, j\u2019ai commenc\u00e9 \u00e0 appr\u00e9\u00adcier Djokovic. Novak est \u00e0 l\u2019ori\u00adgine des progr\u00e8s de Daniil. Il l\u2019a aid\u00e9. Je l\u2019en remercie person\u00adnel\u00adle\u00adment. Apr\u00e8s s\u2019\u00eatre entra\u00een\u00e9 avec Novak, Daniil a fait d\u2019\u00e9normes progr\u00e8s.\u202f\u00bb<\/strong><\/p>\n<p class=\"post-published-date\" style=\"color: silver; font-size: 75%; text-align: left;\">Publi\u00e9 le mardi 13 mai 2025 \u00e0 08:45<\/p>\n<p><script async src=\"https:\/\/platform.twitter.com\/widgets.js\" charset=\"utf-8\"><\/script><\/p>\n","protected":false},"excerpt":{"rendered":"Le p\u00e8re de Daniil a r\u00e9cem\u00adment expliqu\u00e9 le r\u00f4le jou\u00e9 par Roger Federer mais aussi Novak Djokovic dans&hellip;\n","protected":false},"author":2,"featured_media":96313,"comment_status":"","ping_status":"","sticky":false,"template":"","format":"standard","meta":{"footnotes":""},"categories":[1415],"tags":[3252,105,2199,1011,27,60,1467],"class_list":{"0":"post-96312","1":"post","2":"type-post","3":"status-publish","4":"format-standard","5":"has-post-thumbnail","7":"category-tennis","8":"tag-daniil-medvedev","9":"tag-djokovic","10":"tag-federer","11":"tag-fr","12":"tag-france","13":"tag-sports","14":"tag-tennis"},"share_on_mastodon":{"url":"https:\/\/pubeurope.com\/@fr\/114499493861699784","error":""},"_links":{"self":[{"href":"https:\/\/www.europesays.com\/fr\/wp-json\/wp\/v2\/posts\/96312","targetHints":{"allow":["GET"]}}],"collection":[{"href":"https:\/\/www.europesays.com\/fr\/wp-json\/wp\/v2\/posts"}],"about":[{"href":"https:\/\/www.europesays.com\/fr\/wp-json\/wp\/v2\/types\/post"}],"author":[{"embeddable":true,"href":"https:\/\/www.europesays.com\/fr\/wp-json\/wp\/v2\/users\/2"}],"replies":[{"embeddable":true,"href":"https:\/\/www.europesays.com\/fr\/wp-json\/wp\/v2\/comments?post=96312"}],"version-history":[{"count":0,"href":"https:\/\/www.europesays.com\/fr\/wp-json\/wp\/v2\/posts\/96312\/revisions"}],"wp:featuredmedia":[{"embeddable":true,"href":"https:\/\/www.europesays.com\/fr\/wp-json\/wp\/v2\/media\/96313"}],"wp:attachment":[{"href":"https:\/\/www.europesays.com\/fr\/wp-json\/wp\/v2\/media?parent=96312"}],"wp:term":[{"taxonomy":"category","embeddable":true,"href":"https:\/\/www.europesays.com\/fr\/wp-json\/wp\/v2\/categories?post=96312"},{"taxonomy":"post_tag","embeddable":true,"href":"https:\/\/www.europesays.com\/fr\/wp-json\/wp\/v2\/tags?post=96312"}],"curies":[{"name":"wp","href":"https:\/\/api.w.org\/{rel}","templated":true}]}}