{"id":96351,"date":"2025-05-13T08:26:12","date_gmt":"2025-05-13T08:26:12","guid":{"rendered":"https:\/\/www.europesays.com\/fr\/96351\/"},"modified":"2025-05-13T08:26:12","modified_gmt":"2025-05-13T08:26:12","slug":"de-violents-orages-de-grele-tombent-sur-ces-secteurs-de-la-loire","status":"publish","type":"post","link":"https:\/\/www.europesays.com\/fr\/96351\/","title":{"rendered":"de violents orages de gr\u00eale tombent sur ces secteurs de la Loire"},"content":{"rendered":"<p>            Par<br \/>\n        <strong><br \/>\n            <a href=\"https:\/\/actu.fr\/auteur\/mathias-souteyrat\" title=\"Consulter tous les articles de Mathias Souteyrat\" target=\"_blank\" rel=\"noopener\">Mathias Souteyrat<\/a><br \/>\n        <\/strong><\/p>\n<p>        Publi\u00e9 le<\/p>\n<p>            13 mai 2025 \u00e0 9h23        <\/p>\n<p>Le d\u00e9partement de la <a href=\"https:\/\/actu.fr\/auvergne-rhone-alpes\/saint-etienne_42218\/meteo-de-gros-orages-approchent-dans-la-loire-l-alerte-activee-les-secteurs-concernes_62622046.html\" target=\"_blank\" rel=\"noopener\">Loire<\/a> est encore plac\u00e9 ce mardi 13\u00a0mai par M\u00e9t\u00e9o France en alerte jaune aux <a href=\"https:\/\/actu.fr\/meteo\/encore-des-orages-violents-en-france-plus-de-70-departements-en-vigilance-ce-mardi-voici-ou-ca-va-tomber_62623663.html\" target=\"_blank\" rel=\"noopener\">orages<\/a>.<\/p>\n<p class=\" wall-content\">Selon les pr\u00e9visions de la pr\u00e9fecture, des averses orageuses toucheront principalement les reliefs o\u00f9 les pr\u00e9cipitations atteindront <strong>20 mm\/h sous orage<\/strong>. \u00ab\u00a0De la petite gr\u00eale est pr\u00e9vue.\u00a0\u00bb<\/p>\n<p>    <a href=\"https:\/\/www.facebook.com\/plugins\/video.php?height=314&amp;href=https%3A%2F%2Fwww.facebook.com%2F42television%2Fvideos%2F1461709395239789%2F&amp;show_text=false&amp;width=350&amp;t=0\" title=\"Ouvrie le lien\" target=\"_blank\" rel=\"noopener\">Cliquez ici pour visualiser le contenu<\/a><\/p>\n<p class=\" wall-content\">Hier, lundi 12\u00a0mai, les orages de gr\u00eale sont tomb\u00e9s vers sur les monts du Forez et le Pilat, notamment entre Saint-Romain-les-Atheux et Saint-Genest-Malifaux.<\/p>\n<p>      <img   decoding=\"async\" loading=\"lazy\" src=\"https:\/\/www.europesays.com\/fr\/wp-content\/uploads\/2025\/05\/capture-decran-2025-05-13-090050-960x558.png\" alt=\"les orages de gr\u00eale sont tomb\u00e9s vers sur les monts du Forez et le Pilat, notamment entre Saint-Romain-les-Atheux et Saint-Genest-Malifaux\" width=\"960\" height=\"558\"\/><br \/>\n    les orages de gr\u00eale sont tomb\u00e9s vers sur les monts du Forez et le Pilat, notamment entre Saint-Romain-les-Atheux et Saint-Genest-Malifaux (\u00a9Capture 42 TV \/ Images : Jean-Claude Savoie)Vid\u00e9os : en ce moment sur ActuDes orages de gr\u00eale \u00e0 Unieux<br \/>\n      <img   decoding=\"async\" loading=\"lazy\" src=\"https:\/\/www.europesays.com\/fr\/wp-content\/uploads\/2025\/05\/496297313-10234141003818898-2905934757225176344-n-960x640.jpg\" alt=\"Gros nuage mena\u00e7ant vu depuis Saint-Galmier \u00e0 17h49. \" width=\"960\" height=\"640\"\/><br \/>\n    Gros nuage mena\u00e7ant vu depuis Saint-Galmier \u00e0 17h49. (\u00a9Capture Facebook \/ Sa Gaz)<\/p>\n<p class=\" wall-content\">Les internautes ont vu des averses de gr\u00eale \u00e0 Unieux, pr\u00e8s de Saint-Etienne.<\/p>\n<p>Encore des orages ce mardi<\/p>\n<p class=\" wall-content\">Ce mardi, le d\u00e9but de journ\u00e9e sera ensoleill\u00e9, rapidement vers le milieu\/fin de matin\u00e9e les nuages bourgeonnent sur le massif, ciel nuageux jusqu\u2019en plaine l\u2019apr\u00e8s-midi, note M\u00e9t\u00e9o 42.<\/p>\n<blockquote class=\"ac-article-quote wall-content\">\n<p>Un risque d&rsquo;averses sera isol\u00e9 principalement sur les reliefs entre le d\u00e9but d&rsquo;apr\u00e8s-midi et d\u00e9but de soir\u00e9e, averse pouvant \u00eatre ponctuellement orageuse.<\/p>\n<p>    <strong>M\u00e9t\u00e9o 42<\/strong>\n            <\/p><\/blockquote>\n<p class=\" wall-content\">M\u00e9t\u00e9o France d\u00e9clenche la vigilance <strong>entre midi et 20 heures<\/strong> ce mardi.<\/p>\n<p class=\" wall-content\">Suivez toute l\u2019actualit\u00e9 de vos villes et m\u00e9dias favoris en vous inscrivant \u00e0 <a href=\"https:\/\/moncompte.actu.fr\" title=\"D\u00e9couvez Mon Actu\" rel=\"nofollow noopener\" data-trk=\"{&quot;cta&quot;:{&quot;action&quot;:&quot;https:\\\/\\\/moncompte.actu.fr&quot;,&quot;category&quot;:&quot;mon compte&quot;,&quot;from&quot;:&quot;article footer&quot;,&quot;name&quot;:&quot;Mon actu&quot;,&quot;type&quot;:&quot;cta&quot;}}\" target=\"_blank\">Mon Actu<\/a>.<\/p>\n","protected":false},"excerpt":{"rendered":"Par Mathias Souteyrat Publi\u00e9 le 13 mai 2025 \u00e0 9h23 Le d\u00e9partement de la Loire est encore plac\u00e9&hellip;\n","protected":false},"author":2,"featured_media":96352,"comment_status":"","ping_status":"","sticky":false,"template":"","format":"standard","meta":{"footnotes":""},"categories":[9653],"tags":[1111,11,2430,1777,674,1011,27,2487,2357,12,4594,25,4001],"class_list":{"0":"post-96351","1":"post","2":"type-post","3":"status-publish","4":"format-standard","5":"has-post-thumbnail","7":"category-saint-etienne","8":"tag-actu","9":"tag-actualites","10":"tag-auvergne-rhone-alpes","11":"tag-eu","12":"tag-europe","13":"tag-fr","14":"tag-france","15":"tag-meteo","16":"tag-meteo-france","17":"tag-news","18":"tag-orages","19":"tag-republique-francaise","20":"tag-saint-etienne"},"share_on_mastodon":{"url":"https:\/\/pubeurope.com\/@fr\/114499576356259966","error":""},"_links":{"self":[{"href":"https:\/\/www.europesays.com\/fr\/wp-json\/wp\/v2\/posts\/96351","targetHints":{"allow":["GET"]}}],"collection":[{"href":"https:\/\/www.europesays.com\/fr\/wp-json\/wp\/v2\/posts"}],"about":[{"href":"https:\/\/www.europesays.com\/fr\/wp-json\/wp\/v2\/types\/post"}],"author":[{"embeddable":true,"href":"https:\/\/www.europesays.com\/fr\/wp-json\/wp\/v2\/users\/2"}],"replies":[{"embeddable":true,"href":"https:\/\/www.europesays.com\/fr\/wp-json\/wp\/v2\/comments?post=96351"}],"version-history":[{"count":0,"href":"https:\/\/www.europesays.com\/fr\/wp-json\/wp\/v2\/posts\/96351\/revisions"}],"wp:featuredmedia":[{"embeddable":true,"href":"https:\/\/www.europesays.com\/fr\/wp-json\/wp\/v2\/media\/96352"}],"wp:attachment":[{"href":"https:\/\/www.europesays.com\/fr\/wp-json\/wp\/v2\/media?parent=96351"}],"wp:term":[{"taxonomy":"category","embeddable":true,"href":"https:\/\/www.europesays.com\/fr\/wp-json\/wp\/v2\/categories?post=96351"},{"taxonomy":"post_tag","embeddable":true,"href":"https:\/\/www.europesays.com\/fr\/wp-json\/wp\/v2\/tags?post=96351"}],"curies":[{"name":"wp","href":"https:\/\/api.w.org\/{rel}","templated":true}]}}