{"id":963635,"date":"2026-05-29T03:09:14","date_gmt":"2026-05-29T03:09:14","guid":{"rendered":"https:\/\/www.europesays.com\/fr\/963635\/"},"modified":"2026-05-29T03:09:14","modified_gmt":"2026-05-29T03:09:14","slug":"je-suis-horrifiee-en-plein-aid-un-homme-a-moto-filme-a-lyon-avec-un-mouton-sur-le-peripherique","status":"publish","type":"post","link":"https:\/\/www.europesays.com\/fr\/963635\/","title":{"rendered":"\u00ab\u00a0Je suis horrifi\u00e9e\u00a0\u00bb : en plein A\u00efd, un homme \u00e0 moto film\u00e9 \u00e0 Lyon avec un mouton sur le p\u00e9riph\u00e9rique"},"content":{"rendered":"<p>                    Par<br \/>\n        <strong><br \/>\n            <a href=\"https:\/\/actu.fr\/auteur\/nicolas-zaugra\" title=\"Consulter tous les articles de Nicolas Zaugra\" rel=\"nofollow noopener\" target=\"_blank\">Nicolas Zaugra<\/a><br \/>\n                    <\/strong><\/p>\n<p>        Publi\u00e9 le<\/p>\n<p>            28 mai 2026 \u00e0 18h03<br \/>\n        ; mis \u00e0 jour le 28 mai 2026 \u00e0 18h04    <\/p>\n<p>La sc\u00e8ne est surr\u00e9aliste et g\u00e9n\u00e8re des r\u00e9actions indign\u00e9es. Un homme a \u00e9t\u00e9 film\u00e9 mardi 26 mai 2026, jour de <a href=\"https:\/\/actu.fr\/societe\/aid-el-kebir-2026-la-date-est-tombee-voici-quand-commencera-la-fete-sacree-des-musulmans_64269171.html\" rel=\"nofollow noopener\" target=\"_blank\">l\u2019A\u00efd el-K\u00e9bir,<\/a> <strong>en train de circuler \u00e0 moto avec un mouton<\/strong> sur le p\u00e9riph\u00e9rique Laurent Bonnevay dans la m\u00e9tropole de <a href=\"https:\/\/actu.fr\/auvergne-rhone-alpes\/lyon_69123\" rel=\"nofollow noopener\" target=\"_blank\">Lyon<\/a>.<\/p>\n<p>La pr\u00e9fecture du Rh\u00f4ne a fait un signalement \u00e0 la police<\/p>\n<p class=\" wall-content\">Une vid\u00e9o publi\u00e9e sur les r\u00e9seaux sociaux, notamment Snapchat puis X (ex-Twitter), a d\u00e9j\u00e0 \u00e9t\u00e9 vue des centaines de milliers de fois, voire des millions, en 48 heures. Sur la s\u00e9quence d\u2019une vingtaine de secondes, on voit un pilote de moto casqu\u00e9 avec un mouton vivant \u00e0 l\u2019avant d\u2019une BMW 1250 GS.\u00a0<\/p>\n<p class=\" wall-content\">Un autre pilote circulant sur le p\u00e9riph\u00e9rique a film\u00e9 le moment avec son t\u00e9l\u00e9phone \u00e0 hauteur de V\u00e9nissieux, pr\u00e8s de Lyon, selon les constatations d\u2019actu Lyon. Selon nos informations, la pr\u00e9fecture du Rh\u00f4ne a fait un signalement \u00e0 la police apr\u00e8s la publication des images sur les r\u00e9seaux sociaux.\u00a0<\/p>\n<p class=\" wall-content\"><a href=\"https:\/\/www.instagram.com\/reel\/DY4wbu4KTgs\/embed\" title=\"Ouvrir le lien sur Instagram\" rel=\"nofollow noopener\" target=\"_blank\">Visualiser le contenu sur Instagram<\/a><\/p>\n<p>De nombreuses r\u00e9actions indign\u00e9es<\/p>\n<p class=\" wall-content\">\u00ab\u00a0Je suis horrifi\u00e9e\u00a0\u00bb, \u00ab\u00a0pauvre b\u00eate\u00a0\u00bb, \u00ab\u00a0ce n\u2019est pas insolite du tout\u00a0\u00bb, \u00ab\u00a0\u00e0 vomir\u00a0\u00bb, \u00ab\u00a0une honte\u00a0\u00bb : les r\u00e9actions indign\u00e9es sur les r\u00e9seaux sociaux pleuvent. Au-del\u00e0 de l\u2019indignation, la pratique de circuler sur une moto avec un animal vivant est strictement interdite.\u00a0<\/p>\n<p class=\" wall-content\">Par ailleurs, l\u2019abattage rituel des moutons durant l\u2019A\u00efd est tr\u00e8s encadr\u00e9 par les pr\u00e9fectures des d\u00e9partements. La <a href=\"https:\/\/actu.fr\/auvergne-rhone-alpes\/lyon_69123\/aid-el-kebir-a-lyon-et-dans-le-rhone-ce-qui-est-interdit-pendant-plusieurs-semaines_64242845.html\" rel=\"nofollow noopener\" target=\"_blank\">pr\u00e9fecture du Rh\u00f4ne assurait d\u00e9but mai qu\u2019elle multiplierait les contr\u00f4les<\/a> pour s\u2019assurer que les ventes et abattages d\u2019animaux se d\u00e9roulent en s\u00e9curit\u00e9 lors de la f\u00eate de l\u2019A\u00efd el-K\u00e9bir.<\/p>\n<p class=\" wall-content\">Personnalisez votre actualit\u00e9 en ajoutant vos villes et m\u00e9dias en favori avec <a href=\"https:\/\/moncompte.actu.fr\" title=\"D\u00e9couvez Mon Actu\" rel=\"nofollow noopener\" data-trk=\"{&quot;cta&quot;:{&quot;action&quot;:&quot;https:\\\/\\\/moncompte.actu.fr&quot;,&quot;category&quot;:&quot;mon compte&quot;,&quot;from&quot;:&quot;article footer&quot;,&quot;name&quot;:&quot;Mon actu&quot;,&quot;type&quot;:&quot;cta&quot;}}\" target=\"_blank\">Mon Actu<\/a>.<\/p>\n<p>                    <script async src=\"\/\/www.instagram.com\/embed.js\"><\/script><\/p>\n","protected":false},"excerpt":{"rendered":"Par Nicolas Zaugra Publi\u00e9 le 28 mai 2026 \u00e0 18h03 ; mis \u00e0 jour le 28 mai 2026&hellip;\n","protected":false},"author":2,"featured_media":963636,"comment_status":"","ping_status":"","sticky":false,"template":"","format":"standard","meta":{"footnotes":"","_share_on_mastodon":"0"},"categories":[1889],"tags":[1111,11,2430,1777,674,1011,27,5318,2428,12,15434,25,104],"class_list":["post-963635","post","type-post","status-publish","format-standard","has-post-thumbnail","category-lyon","tag-actu","tag-actualites","tag-auvergne-rhone-alpes","tag-eu","tag-europe","tag-fr","tag-france","tag-islam","tag-lyon","tag-news","tag-peripherique-laurent-bonnevay","tag-republique-francaise","tag-societe"],"share_on_mastodon":{"url":"https:\/\/pubeurope.com\/@fr\/116655670445495261","error":""},"_links":{"self":[{"href":"https:\/\/www.europesays.com\/fr\/wp-json\/wp\/v2\/posts\/963635","targetHints":{"allow":["GET"]}}],"collection":[{"href":"https:\/\/www.europesays.com\/fr\/wp-json\/wp\/v2\/posts"}],"about":[{"href":"https:\/\/www.europesays.com\/fr\/wp-json\/wp\/v2\/types\/post"}],"author":[{"embeddable":true,"href":"https:\/\/www.europesays.com\/fr\/wp-json\/wp\/v2\/users\/2"}],"replies":[{"embeddable":true,"href":"https:\/\/www.europesays.com\/fr\/wp-json\/wp\/v2\/comments?post=963635"}],"version-history":[{"count":0,"href":"https:\/\/www.europesays.com\/fr\/wp-json\/wp\/v2\/posts\/963635\/revisions"}],"wp:featuredmedia":[{"embeddable":true,"href":"https:\/\/www.europesays.com\/fr\/wp-json\/wp\/v2\/media\/963636"}],"wp:attachment":[{"href":"https:\/\/www.europesays.com\/fr\/wp-json\/wp\/v2\/media?parent=963635"}],"wp:term":[{"taxonomy":"category","embeddable":true,"href":"https:\/\/www.europesays.com\/fr\/wp-json\/wp\/v2\/categories?post=963635"},{"taxonomy":"post_tag","embeddable":true,"href":"https:\/\/www.europesays.com\/fr\/wp-json\/wp\/v2\/tags?post=963635"}],"curies":[{"name":"wp","href":"https:\/\/api.w.org\/{rel}","templated":true}]}}