{"id":96371,"date":"2025-05-13T08:36:16","date_gmt":"2025-05-13T08:36:16","guid":{"rendered":"https:\/\/www.europesays.com\/fr\/96371\/"},"modified":"2025-05-13T08:36:16","modified_gmt":"2025-05-13T08:36:16","slug":"isere-carambolage-sur-la43-accidents-sur-la48-des-embouteillages-se-forment","status":"publish","type":"post","link":"https:\/\/www.europesays.com\/fr\/96371\/","title":{"rendered":"Is\u00e8re. Carambolage sur l&rsquo;A43, accidents sur l&rsquo;A48 : des embouteillages se forment"},"content":{"rendered":"<p>            Par<br \/>\n        <strong><br \/>\n            <a href=\"https:\/\/actu.fr\/auteur\/julien-sournies\" title=\"Consulter tous les articles de Julien Sournies\" target=\"_blank\" rel=\"noopener\">Julien Sournies<\/a><br \/>\n        <\/strong><\/p>\n<p>        Publi\u00e9 le<\/p>\n<p>            13 mai 2025 \u00e0 9h24        <\/p>\n<p>Prudence sur les routes ce mardi 13\u00a0mai matin. Un <strong>carambolage<\/strong> impliquant quatre v\u00e9hicules s\u2019est produit peu avant 8h30, sur l\u2019autoroute A43 \u00e0 proximit\u00e9 du p\u00e9age de Saint-Quentin-Fallavier (<a href=\"https:\/\/actu.fr\/auvergne-rhone-alpes\/isere_38\" target=\"_blank\" rel=\"noopener\">Is\u00e8re<\/a>) en direction de Lyon.<\/p>\n<p>Des bouchons de 5 km sur l\u2019A43<\/p>\n<p class=\" wall-content\">En cons\u00e9quence, la voie de gauche est neutralis\u00e9e, formant ainsi des embouteillages s\u2019\u00e9tendant sur cinq kilom\u00e8tres. Il faut compter environ <strong>25\u00a0minutes de retard<\/strong> sur le temps de parcours habituel.<\/p>\n<p>    <a href=\"https:\/\/www.google.com\/maps\/embed?pb=!1m14!1m8!1m3!1d5578.271655023446!2d5.121832!3d45.648094!3m2!1i1024!2i768!4f13.1!3m3!1m2!1s0x47f4cdee2b18bcc7%3A0x27f121f142e1e000!2sImp.%20du%20P%C3%A9age%2C%2038070%20Saint-Quentin-Fallavier%2C%20France!5e0!3m2!1sfr!2sus!4v1747120811656!5m2!1sfr!2sus\" title=\"Ouvrie le lien\" target=\"_blank\" rel=\"noopener\">Cliquez ici pour visualiser le contenu<\/a><\/p>\n<p class=\" wall-content\">Tout juste 15 minutes plus tard, vers 8h40, un autre accident entre deux v\u00e9hicules s\u2019est produit sur l\u2019A48 au kilom\u00e8tre 72 en direction de <a href=\"https:\/\/actu.fr\/grenoble\/\" target=\"_blank\" rel=\"noopener\">Grenoble<\/a> dans le d\u00e9partement de l\u2019Is\u00e8re, indique Autoroute info.<\/p>\n<p class=\" wall-content\">Toujours selon Autoroute info, un autre accroche s\u2019est produit sur la rocade sud de Grenoble au km 4 en direction de Chamb\u00e9ry, peu avant 9h20. Ici aussi, \u00e7a risque donc de coincer.<\/p>\n<p>Vid\u00e9os : en ce moment sur Actu<\/p>\n<p class=\" wall-content\"><strong>Plus d\u2019informations \u00e0 suivre\u2026<\/strong><\/p>\n<p class=\" wall-content\">Suivez toute l\u2019actualit\u00e9 de vos villes et m\u00e9dias favoris en vous inscrivant \u00e0 <a href=\"https:\/\/moncompte.actu.fr\" title=\"D\u00e9couvez Mon Actu\" rel=\"nofollow noopener\" data-trk=\"{&quot;cta&quot;:{&quot;action&quot;:&quot;https:\\\/\\\/moncompte.actu.fr&quot;,&quot;category&quot;:&quot;mon compte&quot;,&quot;from&quot;:&quot;article footer&quot;,&quot;name&quot;:&quot;Mon actu&quot;,&quot;type&quot;:&quot;cta&quot;}}\" target=\"_blank\">Mon Actu<\/a>.<\/p>\n","protected":false},"excerpt":{"rendered":"Par Julien Sournies Publi\u00e9 le 13 mai 2025 \u00e0 9h24 Prudence sur les routes ce mardi 13\u00a0mai matin.&hellip;\n","protected":false},"author":2,"featured_media":96372,"comment_status":"","ping_status":"","sticky":false,"template":"","format":"standard","meta":{"footnotes":""},"categories":[9566],"tags":[119,1111,11,8965,2430,3542,1777,674,118,1011,27,2731,12,25],"class_list":{"0":"post-96371","1":"post","2":"type-post","3":"status-publish","4":"format-standard","5":"has-post-thumbnail","7":"category-grenoble","8":"tag-accident","9":"tag-actu","10":"tag-actualites","11":"tag-autoroute-43-a43","12":"tag-auvergne-rhone-alpes","13":"tag-circulation","14":"tag-eu","15":"tag-europe","16":"tag-faits-divers","17":"tag-fr","18":"tag-france","19":"tag-grenoble","20":"tag-news","21":"tag-republique-francaise"},"share_on_mastodon":{"url":"https:\/\/pubeurope.com\/@fr\/114499615698616233","error":""},"_links":{"self":[{"href":"https:\/\/www.europesays.com\/fr\/wp-json\/wp\/v2\/posts\/96371","targetHints":{"allow":["GET"]}}],"collection":[{"href":"https:\/\/www.europesays.com\/fr\/wp-json\/wp\/v2\/posts"}],"about":[{"href":"https:\/\/www.europesays.com\/fr\/wp-json\/wp\/v2\/types\/post"}],"author":[{"embeddable":true,"href":"https:\/\/www.europesays.com\/fr\/wp-json\/wp\/v2\/users\/2"}],"replies":[{"embeddable":true,"href":"https:\/\/www.europesays.com\/fr\/wp-json\/wp\/v2\/comments?post=96371"}],"version-history":[{"count":0,"href":"https:\/\/www.europesays.com\/fr\/wp-json\/wp\/v2\/posts\/96371\/revisions"}],"wp:featuredmedia":[{"embeddable":true,"href":"https:\/\/www.europesays.com\/fr\/wp-json\/wp\/v2\/media\/96372"}],"wp:attachment":[{"href":"https:\/\/www.europesays.com\/fr\/wp-json\/wp\/v2\/media?parent=96371"}],"wp:term":[{"taxonomy":"category","embeddable":true,"href":"https:\/\/www.europesays.com\/fr\/wp-json\/wp\/v2\/categories?post=96371"},{"taxonomy":"post_tag","embeddable":true,"href":"https:\/\/www.europesays.com\/fr\/wp-json\/wp\/v2\/tags?post=96371"}],"curies":[{"name":"wp","href":"https:\/\/api.w.org\/{rel}","templated":true}]}}