{"id":96378,"date":"2025-05-13T08:40:11","date_gmt":"2025-05-13T08:40:11","guid":{"rendered":"https:\/\/www.europesays.com\/fr\/96378\/"},"modified":"2025-05-13T08:40:11","modified_gmt":"2025-05-13T08:40:11","slug":"rc-strasbourg-la-notoriete-du-rcsa-explose-cette-saison","status":"publish","type":"post","link":"https:\/\/www.europesays.com\/fr\/96378\/","title":{"rendered":"RC Strasbourg. La notori\u00e9t\u00e9 du RCSA explose cette saison"},"content":{"rendered":"<p><img fetchpriority=\"high\" decoding=\"async\" width=\"620\" height=\"413\" src=\"https:\/\/www.europesays.com\/fr\/wp-content\/uploads\/2025\/04\/RC-Strasbourg-illustration-620x413.jpg\" alt=\"RC Strasbourg. La notori\u00e9t\u00e9 du RCSA explose cette saison\" class=\"wp-image-344121\"  \/>Il y a bien des contradicteurs \u00e0 la nouvelle gouvernance, mais ce RC Strasbourg Alsace s\u00e9duit beaucoup plus qu\u2019il ne contrarie ses fans. Et m\u00eame au-del\u00e0.<\/p>\n<p>Le <a href=\"https:\/\/sportune.20minutes.fr\/rc-strasbourg-rcsa\" target=\"_blank\" rel=\"noopener\">Racing Club de Strasbourg Alsace<\/a> est en train de r\u00e9aliser sportivement une saison remarquable, au point de flirter avec l\u2019Europe, \u00e0 une journ\u00e9e de la fin de la saison de <a href=\"https:\/\/sportune.20minutes.fr\/ligue-1-l1\" target=\"_blank\" rel=\"noopener\">Ligue 1<\/a>. Cette progression sur le terrain se r\u00e9percute au-del\u00e0, aupr\u00e8s des suiveurs de football en g\u00e9n\u00e9ral et des fans du <a href=\"https:\/\/sportune.20minutes.fr\/rc-strasbourg-rcsa\" target=\"_blank\" rel=\"noopener\">RCSA<\/a> en particulier.<\/p>\n<p>Les chiffres partag\u00e9s par le club parlent d\u2019eux-m\u00eames : en trois saisons, il a gagn\u00e9 la confiance de 3,1 millions de nouveaux supporters. Aujourd\u2019hui, 17,2 millions de Fran\u00e7ais ont une image positive du Racing, transformant progressivement le club alsacien en v\u00e9ritable marque nationale. Avec une croissance de 370% depuis 2020, ses r\u00e9seaux sociaux ont franchi un cap significatif. Un million neuf cent mille followers, en hausse de 58% depuis juin 2024, t\u00e9moignent de cet engouement grandissant.<\/p>\n<p>Un 60e match cons\u00e9cutif \u00e0 guichets ferm\u00e9s<\/p>\n<p>Les contenus vid\u00e9o du club ont totalis\u00e9 96,3 millions de vues en mars 2025, soit une progression de 75% par rapport \u00e0 la saison pr\u00e9c\u00e9dente. Ce r\u00e9sultat propulse le <a href=\"https:\/\/sportune.20minutes.fr\/rc-strasbourg-rcsa\" target=\"_blank\" rel=\"noopener\">RC Strasbourg<\/a> \u00e0 la 8e place nationale en termes de visibilit\u00e9 digitale. Cette dynamique trouve son \u00e9cho dans les tribunes du stade de la Meinau. Fait notable, le club s\u2019appr\u00eate \u00e0 c\u00e9l\u00e9brer son 60e match \u00e0 guichets ferm\u00e9s, avec une participation f\u00e9minine record de 26% \u2013 un pourcentage qui fait de ce stade le plus f\u00e9minin de France.<\/p>\n<p>Entre performances sportives (6e de <a href=\"https:\/\/sportune.20minutes.fr\/ligue-1-l1\" target=\"_blank\" rel=\"noopener\">Ligue 1<\/a>, potentiellement qualifiable pour une comp\u00e9tition europ\u00e9enne) et rayonnement digital, le <a href=\"https:\/\/sportune.20minutes.fr\/rc-strasbourg-rcsa\" target=\"_blank\" rel=\"noopener\">Racing Club de Strasbourg Alsace<\/a> brille tous azimuts cette saison qui s\u2019ach\u00e8ve.<\/p><\/p>\n","protected":false},"excerpt":{"rendered":"Il y a bien des contradicteurs \u00e0 la nouvelle gouvernance, mais ce RC Strasbourg Alsace s\u00e9duit beaucoup plus&hellip;\n","protected":false},"author":2,"featured_media":40187,"comment_status":"","ping_status":"","sticky":false,"template":"","format":"standard","meta":{"footnotes":""},"categories":[2820],"tags":[1111,11,1777,674,1011,27,775,12,4448,25,640],"class_list":{"0":"post-96378","1":"post","2":"type-post","3":"status-publish","4":"format-standard","5":"has-post-thumbnail","7":"category-strasbourg","8":"tag-actu","9":"tag-actualites","10":"tag-eu","11":"tag-europe","12":"tag-fr","13":"tag-france","14":"tag-grand-est","15":"tag-news","16":"tag-rc-strasbourg","17":"tag-republique-francaise","18":"tag-strasbourg"},"share_on_mastodon":{"url":"https:\/\/pubeurope.com\/@fr\/114499631517037429","error":""},"_links":{"self":[{"href":"https:\/\/www.europesays.com\/fr\/wp-json\/wp\/v2\/posts\/96378","targetHints":{"allow":["GET"]}}],"collection":[{"href":"https:\/\/www.europesays.com\/fr\/wp-json\/wp\/v2\/posts"}],"about":[{"href":"https:\/\/www.europesays.com\/fr\/wp-json\/wp\/v2\/types\/post"}],"author":[{"embeddable":true,"href":"https:\/\/www.europesays.com\/fr\/wp-json\/wp\/v2\/users\/2"}],"replies":[{"embeddable":true,"href":"https:\/\/www.europesays.com\/fr\/wp-json\/wp\/v2\/comments?post=96378"}],"version-history":[{"count":0,"href":"https:\/\/www.europesays.com\/fr\/wp-json\/wp\/v2\/posts\/96378\/revisions"}],"wp:featuredmedia":[{"embeddable":true,"href":"https:\/\/www.europesays.com\/fr\/wp-json\/wp\/v2\/media\/40187"}],"wp:attachment":[{"href":"https:\/\/www.europesays.com\/fr\/wp-json\/wp\/v2\/media?parent=96378"}],"wp:term":[{"taxonomy":"category","embeddable":true,"href":"https:\/\/www.europesays.com\/fr\/wp-json\/wp\/v2\/categories?post=96378"},{"taxonomy":"post_tag","embeddable":true,"href":"https:\/\/www.europesays.com\/fr\/wp-json\/wp\/v2\/tags?post=96378"}],"curies":[{"name":"wp","href":"https:\/\/api.w.org\/{rel}","templated":true}]}}