{"id":96387,"date":"2025-05-13T08:45:12","date_gmt":"2025-05-13T08:45:12","guid":{"rendered":"https:\/\/www.europesays.com\/fr\/96387\/"},"modified":"2025-05-13T08:45:12","modified_gmt":"2025-05-13T08:45:12","slug":"onze-personnes-evacuees-lintervention-est-en-cours","status":"publish","type":"post","link":"https:\/\/www.europesays.com\/fr\/96387\/","title":{"rendered":"onze personnes \u00e9vacu\u00e9es, l&rsquo;intervention est en cours"},"content":{"rendered":"<p>            Par<br \/>\n        <strong><br \/>\n            <a href=\"https:\/\/actu.fr\/auteur\/anaelle-montagne\" title=\"Consulter tous les articles de Anaelle Montagne\" rel=\"nofollow noopener\" target=\"_blank\">Anaelle Montagne<\/a><br \/>\n        <\/strong><\/p>\n<p>        Publi\u00e9 le<\/p>\n<p>            13 mai 2025 \u00e0 10h31<br \/>\n        ; mis \u00e0 jour le 13 mai 2025 \u00e0 10h34    <\/p>\n<p>Les camions de pompiers ont envahi le cours Victor Hugo, ce mardi 13 mai 2025. Aux alentours de 8h30, un <strong>incendie<\/strong> s\u2019est d\u00e9clar\u00e9 au 59 bis, \u00e0 l\u2019angle de la rue des Boucheries. Il a d\u00e9marr\u00e9 dans le magasin de <strong>trottinettes \u00e9lectriques<\/strong> Click\u2019n\u2019Wheel, situ\u00e9 au rez-de-chauss\u00e9e d\u2019un immeuble de quatre \u00e9tages.<\/p>\n<p>    <a href=\"https:\/\/www.google.com\/maps\/embed?pb=!1m18!1m12!1m3!1d5658.613573708447!2d-0.5717187251809346!3d44.8356852751563!2m3!1f0!2f0!3f0!3m2!1i1024!2i768!4f13.1!3m3!1m2!1s0xd5527c5c86a395d%3A0xbbe152d11d4cad2a!2sClick%27N%27Wheel%20Bordeaux%20l%20Shop%20%26%20Atelier%20de%20r%C3%A9paration%20de%20trottinettes%20%C3%A9lectriques!5e0!3m2!1sen!2sfr!4v1747124664674!5m2!1sen!2sfr\" title=\"Ouvrie le lien\" rel=\"nofollow noopener\" target=\"_blank\">Cliquez ici pour visualiser le contenu<\/a><\/p>\n<p class=\" wall-content\">\u00ab\u00a0On a tous senti les fum\u00e9es alors on est sortis du b\u00e2timent\u00a0\u00bb, explique \u00e0 <a href=\"https:\/\/actu.fr\/bordeaux\/\" rel=\"nofollow noopener\" target=\"_blank\">actu Bordeaux<\/a> l\u2019un des occupants de l\u2019immeuble. Au total, <strong>onze personnes ont \u00e9t\u00e9 \u00e9vacu\u00e9es<\/strong>. Aucune n\u2019a \u00e9t\u00e9 bless\u00e9e.\u00a0<\/p>\n<p>Batterie de trottinette \u00e9lectrique<\/p>\n<p class=\" wall-content\">Rapidement d\u00e9p\u00each\u00e9s sur place, les pompiers ont pu mettre fin \u00e0 l\u2019incendie au moyen d\u2019une lance. \u00c0 10 heures, l\u2019intervention \u00e9tait toujours en cours. \u00ab\u00a0On g\u00e8re <strong>les fum\u00e9es<\/strong> qui ont envahi les appartements au-dessus du magasin\u00a0\u00bb, explique le capitaine Maligne, commandant des op\u00e9rations de secours sur place.<\/p>\n<p class=\" wall-content\">Le feu pourrait avoir d\u00e9marr\u00e9 \u00e0 cause de la <strong>batterie d\u00e9ficiente d\u2019une trottinette \u00e9lectrique<\/strong>.<\/p>\n<p>Vid\u00e9os : en ce moment sur Actu<\/p>\n<p class=\" wall-content\">Les v\u00e9hicules des pompiers sont toujours sur place \u00e0 l\u2019heure o\u00f9 nous \u00e9crivons ces lignes, mais la <a href=\"https:\/\/actu.fr\/tag\/circulation\" rel=\"nofollow noopener\" target=\"_blank\">circulation<\/a> cours Victor Hugo n\u2019est pas impact\u00e9e (sauf de l\u00e9gers ralentissements).\u00a0<\/p>\n<p class=\" wall-content\">Suivez toute l\u2019actualit\u00e9 de vos villes et m\u00e9dias favoris en vous inscrivant \u00e0 <a href=\"https:\/\/moncompte.actu.fr\" title=\"D\u00e9couvez Mon Actu\" rel=\"nofollow noopener\" data-trk=\"{&quot;cta&quot;:{&quot;action&quot;:&quot;https:\\\/\\\/moncompte.actu.fr&quot;,&quot;category&quot;:&quot;mon compte&quot;,&quot;from&quot;:&quot;article footer&quot;,&quot;name&quot;:&quot;Mon actu&quot;,&quot;type&quot;:&quot;cta&quot;}}\" target=\"_blank\">Mon Actu<\/a>.<\/p>\n","protected":false},"excerpt":{"rendered":"Par Anaelle Montagne Publi\u00e9 le 13 mai 2025 \u00e0 10h31 ; mis \u00e0 jour le 13 mai 2025&hellip;\n","protected":false},"author":2,"featured_media":96388,"comment_status":"","ping_status":"","sticky":false,"template":"","format":"standard","meta":{"footnotes":""},"categories":[2817],"tags":[1111,11,1997,1777,674,118,1011,27,1310,12,2219,25],"class_list":{"0":"post-96387","1":"post","2":"type-post","3":"status-publish","4":"format-standard","5":"has-post-thumbnail","7":"category-bordeaux","8":"tag-actu","9":"tag-actualites","10":"tag-bordeaux","11":"tag-eu","12":"tag-europe","13":"tag-faits-divers","14":"tag-fr","15":"tag-france","16":"tag-incendie","17":"tag-news","18":"tag-nouvelle-aquitaine","19":"tag-republique-francaise"},"share_on_mastodon":{"url":"https:\/\/pubeurope.com\/@fr\/114499651093573151","error":""},"_links":{"self":[{"href":"https:\/\/www.europesays.com\/fr\/wp-json\/wp\/v2\/posts\/96387","targetHints":{"allow":["GET"]}}],"collection":[{"href":"https:\/\/www.europesays.com\/fr\/wp-json\/wp\/v2\/posts"}],"about":[{"href":"https:\/\/www.europesays.com\/fr\/wp-json\/wp\/v2\/types\/post"}],"author":[{"embeddable":true,"href":"https:\/\/www.europesays.com\/fr\/wp-json\/wp\/v2\/users\/2"}],"replies":[{"embeddable":true,"href":"https:\/\/www.europesays.com\/fr\/wp-json\/wp\/v2\/comments?post=96387"}],"version-history":[{"count":0,"href":"https:\/\/www.europesays.com\/fr\/wp-json\/wp\/v2\/posts\/96387\/revisions"}],"wp:featuredmedia":[{"embeddable":true,"href":"https:\/\/www.europesays.com\/fr\/wp-json\/wp\/v2\/media\/96388"}],"wp:attachment":[{"href":"https:\/\/www.europesays.com\/fr\/wp-json\/wp\/v2\/media?parent=96387"}],"wp:term":[{"taxonomy":"category","embeddable":true,"href":"https:\/\/www.europesays.com\/fr\/wp-json\/wp\/v2\/categories?post=96387"},{"taxonomy":"post_tag","embeddable":true,"href":"https:\/\/www.europesays.com\/fr\/wp-json\/wp\/v2\/tags?post=96387"}],"curies":[{"name":"wp","href":"https:\/\/api.w.org\/{rel}","templated":true}]}}