{"id":963993,"date":"2026-05-29T07:03:21","date_gmt":"2026-05-29T07:03:21","guid":{"rendered":"https:\/\/www.europesays.com\/fr\/963993\/"},"modified":"2026-05-29T07:03:21","modified_gmt":"2026-05-29T07:03:21","slug":"penurie-de-semi-conducteurs-en-2026-la-nouvelle-strategie-de-lue-frandroid","status":"publish","type":"post","link":"https:\/\/www.europesays.com\/fr\/963993\/","title":{"rendered":"P\u00e9nurie de semi-conducteurs en 2026 : la nouvelle strat\u00e9gie de l&rsquo;UE \u2014 Frandroid"},"content":{"rendered":"<p>Alors que les processeurs et autres puces mobiles en tout genre deviennent rapidement des composants critiques pour la souverainet\u00e9 technologique, Bruxelles s\u2019appr\u00eate \u00e0 employer des man\u0153uvres agressivement protectionnistes pour ne pas \u00eatre pris en sandwich entre la Chine et les \u00c9tats-Unis.<\/p>\n<p><a target=\"_blank\" href=\"https:\/\/images.frandroid.com\/wp-content\/uploads\/2021\/03\/wafer.jpg\" class=\"article-content__figure\" rel=\"nofollow noopener\"><img fetchpriority=\"high\" decoding=\"async\" loading=\"eager\" width=\"1200\" height=\"766\" src=\"https:\/\/www.europesays.com\/fr\/wp-content\/uploads\/2026\/05\/wafer.jpg\" alt=\"\" class=\"wp-image-883503 wp-image wp-image\"  \/><\/a>Cr\u00e9dit : Laura Ockel \u2013 Unsplash<\/p>\n<p>L\u2019affaire Nexperia aurait-elle donn\u00e9 des id\u00e9es aux dirigeants europ\u00e9ens\u2009? Fin\u00a02025, le gouvernement n\u00e9erlandais prenait le contr\u00f4le de cette entreprise de fabrication de puces d\u00e9tenue par le groupe chinois Wingtech pour \u00e9viter de voir son activit\u00e9, \u00f4 combien critique, partir \u00e0 l\u2019\u00e9tranger. S\u2019en est suivi un bras de fer juridico-\u00e9conomique <a href=\"https:\/\/www.frandroid.com\/survoltes\/voitures-electriques\/2843589_la-chine-bloque-les-semi-conducteurs-lautomobile-menacee-de-paralysie-en-europe\" rel=\"nofollow noopener\" target=\"_blank\">qui fragilise encore l\u2019industrie automobile aujourd\u2019hui<\/a>.<\/p>\n<p>Pour autant, <a href=\"https:\/\/www.ft.com\/content\/9d7d6204-4fc7-4f1d-af05-473c3649efcd\" target=\"_blank\" rel=\"noreferrer noopener nofollow\">Bruxelles serait pr\u00eate \u00e0 remettre le couvert, croit savoir le Financial Times<\/a>. D\u2019apr\u00e8s un brouillon de loi, la Commission envisagerait d\u2019intervenir directement dans les cha\u00eenes de production europ\u00e9ennes pour forcer les entreprises \u00e0 produire des semi-conducteurs \u00e0 destination du Vieux Continent.<\/p>\n<p>                <img decoding=\"async\" width=\"1200\" height=\"446\" loading=\"lazy\" alt=\"patner box-LUBA mini 2 AWD 1000 (1)\" title=\"patner box-LUBA mini 2 AWD 1000 (1)\" class=\"is-radiusless placeholder-default wp-image\" src=\"https:\/\/www.europesays.com\/fr\/wp-content\/uploads\/2026\/05\/patner-box-luba-mini-2-awd-1000-1-1200x446.jpg\" \/>            <\/p>\n<p>\n                    Tondre son jardin n\u2019est plus une corv\u00e9e en 2026                <\/p>\n<p class=\"has-text-weight-medium is-size-6 is-line-height-normal\">\n                    Et si vous confiez la tonte de votre jardin \u00e0 un robot tondeuse ? En ce moment, Mammotion applique 100 euros de remise le LUBA mini 2 AWD 1000 : la performance de pr\u00e9cision pour des bordures parfaitement nettes.                <\/p>\n<p>Contraindre les fabricants europ\u00e9ens<\/p>\n<p>Concr\u00e8tement, en invoquant une situation d\u2019exception, l\u2019Europe pourrait contraindre les fabricants de puces \u00e0 suspendre les contrats qui les lient avec des entreprises \u00e9trang\u00e8res afin \u00ab d\u2019obliger les fabricants de semi-conducteurs \u00e0 prioriser les commandes de produits essentiels en p\u00e9riode de crise \u00bb. Parmi ces secteurs critiques se trouverait l\u2019activit\u00e9 militaire, hospitali\u00e8re et num\u00e9rique europ\u00e9enne. Des amendes sal\u00e9es seraient aussi pr\u00e9vues pour forcer ces derni\u00e8res au maximum de transparence sur leurs capacit\u00e9s de production.<\/p>\n<p>De mani\u00e8re moins agressive, Bruxelles envisagerait \u00e9galement de centraliser les commandes de semi-conducteurs afin de peser plus lourd dans les n\u00e9gociations avec les puissances \u00e9trang\u00e8res, comme elle l\u2019avait fait au moment des vaccins contre le Covid. Les stocks seraient ensuite redistribu\u00e9s parmi les 27.<\/p>\n<p>Le risque ta\u00efwanais<\/p>\n<p>Ces strat\u00e9gies protectionnistes visent \u00e0 r\u00e9duire la d\u00e9pendance du Vieux Continent aux entreprises \u00e9trang\u00e8res, particuli\u00e8rement Ta\u00efwan. Le pays h\u00e9berge <a href=\"https:\/\/www.frandroid.com\/produits-android\/ordinateurs\/processeurs\/3077199_tsmc-prepare-les-puces-de-2029-et-refuse-les-machines-a-400-millions-de-dollars-dasml-contrairement-a-intel\" rel=\"nofollow noopener\" target=\"_blank\">l\u2019incontournable fabricant TSMC<\/a>, qui fournit plus de 90\u00a0% des puces modernes, mais est aussi sous la pression militaire de la Chine qui menace d\u2019envahir l\u2019\u00eele pour en prendre le contr\u00f4le de fait.<\/p>\n<p class=\"shortcode-container see-more\">\n    Pour aller plus loin<br \/><a href=\"https:\/\/www.frandroid.com\/marques\/nvidia\/3116109_pourquoi-nvidia-va-investir-150-milliards-de-dollars-par-an-a-taiwan\" rel=\"nofollow noopener\" target=\"_blank\">Pourquoi Nvidia va investir 150 milliards de dollars par an \u00e0 Ta\u00efwan<\/a>\n            <\/p>\n<p>Concernant le volet plus diplomatique, un \u00ab\u2009Chips Act 2.0\u2009\u00bb serait aussi en pr\u00e9paration pour atteindre les 20\u00a0% de production europ\u00e9enne <a href=\"https:\/\/www.frandroid.com\/produits-android\/ordinateurs\/processeurs\/1398407_bientot-des-puces-electroniques-made-in-france-et-ce-nest-pas-grace-a-intel\" rel=\"nofollow noopener\" target=\"_blank\">promis par Bruxelles depuis 2022<\/a>. L\u2019Europe compte pour 10\u00a0% de la production mondiale pour le moment, mais pourrait injecter 120\u00a0milliards d\u2019euros dans cette industrie afin de faire avancer les choses. Des assouplissements sur les audits \u00e9cologiques qui pr\u00e9c\u00e8dent l\u2019implantation d\u2019usines de semi-conducteurs seraient aussi envisag\u00e9s.<\/p>\n","protected":false},"excerpt":{"rendered":"Alors que les processeurs et autres puces mobiles en tout genre deviennent rapidement des composants critiques pour la&hellip;\n","protected":false},"author":2,"featured_media":963994,"comment_status":"","ping_status":"","sticky":false,"template":"","format":"standard","meta":{"footnotes":"","_share_on_mastodon":"0"},"categories":[1586],"tags":[11,1777,674,1779,1011,27,12,25,11869,22053,1778,364],"class_list":["post-963993","post","type-post","status-publish","format-standard","has-post-thumbnail","category-europe","tag-actualites","tag-eu","tag-europe","tag-european-union","tag-fr","tag-france","tag-news","tag-republique-francaise","tag-semi-conducteurs","tag-taiwan","tag-ue","tag-union-europeenne"],"share_on_mastodon":{"url":"https:\/\/pubeurope.com\/@fr\/116656591764999664","error":""},"_links":{"self":[{"href":"https:\/\/www.europesays.com\/fr\/wp-json\/wp\/v2\/posts\/963993","targetHints":{"allow":["GET"]}}],"collection":[{"href":"https:\/\/www.europesays.com\/fr\/wp-json\/wp\/v2\/posts"}],"about":[{"href":"https:\/\/www.europesays.com\/fr\/wp-json\/wp\/v2\/types\/post"}],"author":[{"embeddable":true,"href":"https:\/\/www.europesays.com\/fr\/wp-json\/wp\/v2\/users\/2"}],"replies":[{"embeddable":true,"href":"https:\/\/www.europesays.com\/fr\/wp-json\/wp\/v2\/comments?post=963993"}],"version-history":[{"count":0,"href":"https:\/\/www.europesays.com\/fr\/wp-json\/wp\/v2\/posts\/963993\/revisions"}],"wp:featuredmedia":[{"embeddable":true,"href":"https:\/\/www.europesays.com\/fr\/wp-json\/wp\/v2\/media\/963994"}],"wp:attachment":[{"href":"https:\/\/www.europesays.com\/fr\/wp-json\/wp\/v2\/media?parent=963993"}],"wp:term":[{"taxonomy":"category","embeddable":true,"href":"https:\/\/www.europesays.com\/fr\/wp-json\/wp\/v2\/categories?post=963993"},{"taxonomy":"post_tag","embeddable":true,"href":"https:\/\/www.europesays.com\/fr\/wp-json\/wp\/v2\/tags?post=963993"}],"curies":[{"name":"wp","href":"https:\/\/api.w.org\/{rel}","templated":true}]}}