{"id":96419,"date":"2025-05-13T09:01:10","date_gmt":"2025-05-13T09:01:10","guid":{"rendered":"https:\/\/www.europesays.com\/fr\/96419\/"},"modified":"2025-05-13T09:01:10","modified_gmt":"2025-05-13T09:01:10","slug":"la-serbie-negocie-la-reconduction-de-son-contrat-gazier-avec-la-russie-avant-son-expiration","status":"publish","type":"post","link":"https:\/\/www.europesays.com\/fr\/96419\/","title":{"rendered":"La Serbie n\u00e9gocie la reconduction de son contrat gazier avec la Russie avant son expiration"},"content":{"rendered":"<p>Le pr\u00e9sident de la R\u00e9publique de Serbie, Aleksandar Vucic, a indiqu\u00e9 que son gouvernement souhaitait renouveler son accord d\u2019approvisionnement en gaz naturel avec la F\u00e9d\u00e9ration de Russie aux m\u00eames conditions que l\u2019actuel, voire plus avantageuses. Cette d\u00e9claration a \u00e9t\u00e9 faite apr\u00e8s sa rencontre avec le pr\u00e9sident Vladimir Poutine \u00e0 Moscou le 9 mai. Le contrat actuel, sign\u00e9 en mai 2022, pr\u00e9voit la livraison annuelle de 2,2 milliards de m\u00e8tres cubes de gaz via le gazoduc TurkStream, \u00e0 un tarif index\u00e9 \u00e0 100 % sur le prix du p\u00e9trole.<\/p>\n<p>Prolongation sans modification si aucun nouvel accord sign\u00e9<\/p>\n<p>Le pr\u00e9sident serbe a ajout\u00e9 que si un nouvel accord n\u2019\u00e9tait pas conclu avant l\u2019\u00e9ch\u00e9ance du 31 mai, les livraisons de gaz se poursuivraient selon les m\u00eames modalit\u00e9s. \u00ab\u00a0Je crois que, m\u00eame si la date du 31 mai est d\u00e9pass\u00e9e, nous recevrons les m\u00eames conditions qu\u2019auparavant\u00a0\u00bb, a d\u00e9clar\u00e9 Vucic lors d\u2019une intervention sur la cha\u00eene publique RTS. La Serbie reste fortement d\u00e9pendante du gaz russe, transport\u00e9 via la Bulgarie, et joue \u00e9galement un r\u00f4le de transit vers la Hongrie.<\/p>\n<p>Le pr\u00e9sident russe a affirm\u00e9 que la Russie continuerait \u00e0 garantir la s\u00e9curit\u00e9 \u00e9nerg\u00e9tique de la Serbie. \u00ab\u00a0La fiabilit\u00e9 de l\u2019approvisionnement cr\u00e9e des conditions favorables \u00e0 l\u2019activit\u00e9 \u00e9conomique en Serbie\u00a0\u00bb, a d\u00e9clar\u00e9 Vladimir Poutine, soulignant que Gazprom respecte ses obligations contractuelles et reste pr\u00eat \u00e0 fournir des volumes suppl\u00e9mentaires.<\/p>\n<p>Un mod\u00e8le tarifaire avantageux pendant la crise \u00e9nerg\u00e9tique<\/p>\n<p>Le m\u00e9canisme d\u2019indexation p\u00e9troli\u00e8re du contrat a permis \u00e0 la Serbie d\u2019acheter du gaz \u00e0 un prix inf\u00e9rieur \u00e0 celui observ\u00e9 sur les march\u00e9s europ\u00e9ens au plus fort de la crise \u00e9nerg\u00e9tique. Selon Platts, division de S&amp;P Global Commodity Insights, le prix du mois suivant sur la plateforme n\u00e9erlandaise TTF (Title Transfer Facility) avait atteint un record de 319,98 \u20ac\/MWh le 26 ao\u00fbt 2022. Au 9 mai, ce tarif \u00e9tait \u00e9valu\u00e9 \u00e0 34,55 \u20ac\/MWh.<\/p>\n<p>Parall\u00e8lement, la Serbie a sign\u00e9 en octobre 2024 un accord portant sur des volumes suppl\u00e9mentaires de gaz russe, destin\u00e9s aux entreprises russes pr\u00e9sentes sur son territoire, avec une capacit\u00e9 d\u2019achat de 2 millions de m\u00e8tres cubes par jour et une option pour 3 millions de plus en p\u00e9riode de pointe.<\/p>\n<p>Objectif de stabilit\u00e9 \u00e0 moyen et long terme<\/p>\n<p>Dusan Bajatovic, directeur g\u00e9n\u00e9ral de la soci\u00e9t\u00e9 nationale Srbijagas, a d\u00e9clar\u00e9 en mars que la Serbie visait un volume de 2,5 milliards de m\u00e8tres cubes par an pour une p\u00e9riode contractuelle de trois \u00e0 dix ans. Il a soulign\u00e9 l\u2019importance de maintenir une flexibilit\u00e9 d\u2019approvisionnement, notamment durant les p\u00e9riodes de forte consommation hivernale.<\/p>\n<p>Bien que la Serbie conserve des liens \u00e9nerg\u00e9tiques \u00e9troits avec Moscou, elle a \u00e9largi ses options en mati\u00e8re d\u2019importation de gaz. Depuis d\u00e9cembre 2023, un nouvel interconnecteur avec la Bulgarie permet au pays d\u2019acc\u00e9der \u00e0 1,8 milliard de m\u00e8tres cubes par an de gaz provenant d\u2019Azerba\u00efdjan ou de gaz naturel liqu\u00e9fi\u00e9 regaz\u00e9ifi\u00e9 via la Gr\u00e8ce et la Turquie.<\/p>\n<p>Cadre r\u00e9glementaire en \u00e9volution et diversification<\/p>\n<p>Dans le cadre d\u2019un accord sign\u00e9 en novembre 2023, l\u2019entreprise publique azerba\u00efdjanaise Socar (State Oil Company of the Azerbaijan Republic) a convenu de fournir jusqu\u2019\u00e0 400 millions de m\u00e8tres cubes de gaz \u00e0 la Serbie en 2024. Selon la ministre de l\u2019\u00c9nergie Dubravka Dedovic Handanovic, ces volumes pourraient tripler \u00e0 partir de 2027.<\/p>\n<p>L\u2019environnement r\u00e9glementaire de la Serbie, marqu\u00e9 par l\u2019\u00e9quilibre entre s\u00e9curit\u00e9 d\u2019approvisionnement et diversification des sources, reste un enjeu central dans la d\u00e9finition de sa politique \u00e9nerg\u00e9tique. Le pays poursuit ainsi des n\u00e9gociations bilat\u00e9rales tout en int\u00e9grant de nouvelles infrastructures transfrontali\u00e8res dans son r\u00e9seau gazier.<\/p>\n","protected":false},"excerpt":{"rendered":"Le pr\u00e9sident de la R\u00e9publique de Serbie, Aleksandar Vucic, a indiqu\u00e9 que son gouvernement souhaitait renouveler son accord&hellip;\n","protected":false},"author":2,"featured_media":96420,"comment_status":"","ping_status":"","sticky":false,"template":"","format":"standard","meta":{"footnotes":""},"categories":[1591],"tags":[11,1887,12,1885,1886,132,9980],"class_list":{"0":"post-96419","1":"post","2":"type-post","3":"status-publish","4":"format-standard","5":"has-post-thumbnail","7":"category-russie","8":"tag-actualites","9":"tag-federation-de-russie","10":"tag-news","11":"tag-russia","12":"tag-russian-federation","13":"tag-russie","14":"tag-securite-energetique"},"share_on_mastodon":{"url":"https:\/\/pubeurope.com\/@fr\/114499714000987146","error":""},"_links":{"self":[{"href":"https:\/\/www.europesays.com\/fr\/wp-json\/wp\/v2\/posts\/96419","targetHints":{"allow":["GET"]}}],"collection":[{"href":"https:\/\/www.europesays.com\/fr\/wp-json\/wp\/v2\/posts"}],"about":[{"href":"https:\/\/www.europesays.com\/fr\/wp-json\/wp\/v2\/types\/post"}],"author":[{"embeddable":true,"href":"https:\/\/www.europesays.com\/fr\/wp-json\/wp\/v2\/users\/2"}],"replies":[{"embeddable":true,"href":"https:\/\/www.europesays.com\/fr\/wp-json\/wp\/v2\/comments?post=96419"}],"version-history":[{"count":0,"href":"https:\/\/www.europesays.com\/fr\/wp-json\/wp\/v2\/posts\/96419\/revisions"}],"wp:featuredmedia":[{"embeddable":true,"href":"https:\/\/www.europesays.com\/fr\/wp-json\/wp\/v2\/media\/96420"}],"wp:attachment":[{"href":"https:\/\/www.europesays.com\/fr\/wp-json\/wp\/v2\/media?parent=96419"}],"wp:term":[{"taxonomy":"category","embeddable":true,"href":"https:\/\/www.europesays.com\/fr\/wp-json\/wp\/v2\/categories?post=96419"},{"taxonomy":"post_tag","embeddable":true,"href":"https:\/\/www.europesays.com\/fr\/wp-json\/wp\/v2\/tags?post=96419"}],"curies":[{"name":"wp","href":"https:\/\/api.w.org\/{rel}","templated":true}]}}