{"id":96423,"date":"2025-05-13T09:03:09","date_gmt":"2025-05-13T09:03:09","guid":{"rendered":"https:\/\/www.europesays.com\/fr\/96423\/"},"modified":"2025-05-13T09:03:09","modified_gmt":"2025-05-13T09:03:09","slug":"comment-le-couple-franco-allemand-entend-faire-mal-aux-etats-unis","status":"publish","type":"post","link":"https:\/\/www.europesays.com\/fr\/96423\/","title":{"rendered":"comment le couple franco-allemand entend \u00ab faire mal aux Etats-unis \u00bb"},"content":{"rendered":"<p>\u00c0\u00a0quoi va ressembler la contre-attaque europ\u00e9enne ? Alors que les \u00c9tats-Unis et la Chine\u00a0<a href=\"https:\/\/www.latribune.fr\/economie\/international\/pekin-et-washington-suspendent-leurs-droits-de-douane-1024778.html\" target=\"_blank\" rel=\"noopener\">ont mis sur pause<\/a> leur bras de fer commercial, le conseil franco-allemand des \u00e9conomistes veut peser sur les d\u00e9cisions.<\/p>\n<p>Dans une note d\u00e9voil\u00e9e ce mardi, les experts des deux principales \u00e9conomies de la zone euro pr\u00e9conisent \u00ab de pr\u00e9server l&rsquo;ouverture du commerce mondial [qui] doit rester un objectif central de l&rsquo;UE \u00bb. Compos\u00e9e des membres du conseil d&rsquo;analyse \u00e9conomiques (CAE), du CEPII et de l&rsquo;institut Kiel, l&rsquo;instance consid\u00e8re que l&rsquo;Union europ\u00e9enne est en mesure \u00ab de tenir bon \u00bb\u00a0et \u00ab de n\u00e9gocier d&rsquo;une mani\u00e8re qui ne consiste pas simplement \u00e0 c\u00e9der aux exigences de l&rsquo;administration Trump \u00bb.<\/p>\n<p>Pour \u00ab faire mal aux Etats-Unis \u00bb, les \u00e9conomistes sugg\u00e8rent de cibler les produits chimiques, la pharmacie, ou encore les composants permettant de fabriquer des centrales nucl\u00e9aires. En Europe, il est possible de muscler les taxes \u00e0 l&rsquo;exportation sur les fertilisants, des biens sophistiqu\u00e9s sur les puces \u00e9lectroniques. \u00ab  Les \u00c9tats-Unis sont d\u00e9pendants de l&rsquo;Union europ\u00e9enne sur ces produits \u00bb, a affirm\u00e9 Antoine Bou\u00ebt, directeur du CEPII. Au total, les experts ont dress\u00e9 une liste d&rsquo;un millier de produits. Tout en assurant la possibilit\u00e9 de mettre en oeuvre \u00ab des m\u00e9canismes pour compenser les entreprises qui perdraient des march\u00e9s aux \u00c9tats-Unis \u00bb. Autre piste \u00e9voqu\u00e9e, la fermeture des march\u00e9s publics europ\u00e9ens aux entreprises am\u00e9ricaines.<\/p>\n","protected":false},"excerpt":{"rendered":"\u00c0\u00a0quoi va ressembler la contre-attaque europ\u00e9enne ? Alors que les \u00c9tats-Unis et la Chine\u00a0ont mis sur pause leur&hellip;\n","protected":false},"author":2,"featured_media":96424,"comment_status":"","ping_status":"","sticky":false,"template":"","format":"standard","meta":{"footnotes":""},"categories":[1589],"tags":[17,11,20,18975,1193,33,15861,73,1866,4560,12496,1146,12,1864,1865,1863,308],"class_list":{"0":"post-96423","1":"post","2":"type-post","3":"status-publish","4":"format-standard","5":"has-post-thumbnail","7":"category-etats-unis","8":"tag-17","9":"tag-actualites","10":"tag-comment","11":"tag-commerciale","12":"tag-couple","13":"tag-economie","14":"tag-entend","15":"tag-etats-unis","16":"tag-etats-unis-damerique","17":"tag-faire","18":"tag-franco-allemand","19":"tag-guerre","20":"tag-news","21":"tag-united-states","22":"tag-united-states-of-america","23":"tag-us","24":"tag-usa"},"share_on_mastodon":{"url":"https:\/\/pubeurope.com\/@fr\/114499722005264551","error":""},"_links":{"self":[{"href":"https:\/\/www.europesays.com\/fr\/wp-json\/wp\/v2\/posts\/96423","targetHints":{"allow":["GET"]}}],"collection":[{"href":"https:\/\/www.europesays.com\/fr\/wp-json\/wp\/v2\/posts"}],"about":[{"href":"https:\/\/www.europesays.com\/fr\/wp-json\/wp\/v2\/types\/post"}],"author":[{"embeddable":true,"href":"https:\/\/www.europesays.com\/fr\/wp-json\/wp\/v2\/users\/2"}],"replies":[{"embeddable":true,"href":"https:\/\/www.europesays.com\/fr\/wp-json\/wp\/v2\/comments?post=96423"}],"version-history":[{"count":0,"href":"https:\/\/www.europesays.com\/fr\/wp-json\/wp\/v2\/posts\/96423\/revisions"}],"wp:featuredmedia":[{"embeddable":true,"href":"https:\/\/www.europesays.com\/fr\/wp-json\/wp\/v2\/media\/96424"}],"wp:attachment":[{"href":"https:\/\/www.europesays.com\/fr\/wp-json\/wp\/v2\/media?parent=96423"}],"wp:term":[{"taxonomy":"category","embeddable":true,"href":"https:\/\/www.europesays.com\/fr\/wp-json\/wp\/v2\/categories?post=96423"},{"taxonomy":"post_tag","embeddable":true,"href":"https:\/\/www.europesays.com\/fr\/wp-json\/wp\/v2\/tags?post=96423"}],"curies":[{"name":"wp","href":"https:\/\/api.w.org\/{rel}","templated":true}]}}