{"id":964235,"date":"2026-05-29T09:35:21","date_gmt":"2026-05-29T09:35:21","guid":{"rendered":"https:\/\/www.europesays.com\/fr\/964235\/"},"modified":"2026-05-29T09:35:21","modified_gmt":"2026-05-29T09:35:21","slug":"journees-choose-france-les-entreprises-nordistes-ouvrent-leurs-portes-ce-week-end","status":"publish","type":"post","link":"https:\/\/www.europesays.com\/fr\/964235\/","title":{"rendered":"Journ\u00e9es Choose France : les entreprises nordistes ouvrent leurs portes ce week-end"},"content":{"rendered":"<p>De vendredi 29 mai \u00e0 dimanche 31 mai, il sera possible de d\u00e9couvrir des entreprises r\u00e9gionales comme vous ne les avez jamais vues ! Ces visites gratuites (avec inscription obligatoire) s&rsquo;adressent aux habitants, familles, jeunes et demandeurs d&#8217;emploi pour avoir l&rsquo;occasion de mieux conna\u00eetre les entreprises de leur territoire, tout en d\u00e9couvrant des fili\u00e8res d&rsquo;avenir d&rsquo;\u00e9changer directement avec les salari\u00e9(e)s pr\u00e9sents sur place.\n<\/p>\n<p>Dans le Nord, quatre entreprises ouvrent leurs portes : AESC France \u00e0 Lambres-lez-Douai, ArcelorMittal \u00e0 Dunkerque, Smurfit Westrock \u00e0 Roubaix et Toyota Motor Manufacturing France \u00e0 Onnaing. Le programme et les inscriptions sont accessibles sur <a href=\"https:\/\/media.businessfrance.fr\/actualites\/les-journees-choose-france-au-coeur-des-entreprises-engagees-73b33-0fea0.html\" target=\"_self\" rel=\"nofollow noopener\">ce site<\/a>.\n<\/p>\n<p>Ces Journ\u00e9es s&rsquo;inscrivent dans la continuit\u00e9 d&rsquo;initiatives comme la Semaine de l&rsquo;industrie ou la Grande Exposition du Fabriqu\u00e9 en France. Toutes valorisent un savoir-faire national et se d\u00e9clinent sur l&rsquo;ensemble des r\u00e9gions du territoire.<\/p>\n","protected":false},"excerpt":{"rendered":"De vendredi 29 mai \u00e0 dimanche 31 mai, il sera possible de d\u00e9couvrir des entreprises r\u00e9gionales comme vous&hellip;\n","protected":false},"author":2,"featured_media":964236,"comment_status":"","ping_status":"","sticky":false,"template":"","format":"standard","meta":{"footnotes":"","_share_on_mastodon":"0"},"categories":[4],"tags":[11,1011,27,2726,12,36533,25],"class_list":["post-964235","post","type-post","status-publish","format-standard","has-post-thumbnail","category-france","tag-actualites","tag-fr","tag-france","tag-logistique","tag-news","tag-reindustrialisation","tag-republique-francaise"],"share_on_mastodon":{"url":"https:\/\/pubeurope.com\/@fr\/116657188339613359","error":""},"_links":{"self":[{"href":"https:\/\/www.europesays.com\/fr\/wp-json\/wp\/v2\/posts\/964235","targetHints":{"allow":["GET"]}}],"collection":[{"href":"https:\/\/www.europesays.com\/fr\/wp-json\/wp\/v2\/posts"}],"about":[{"href":"https:\/\/www.europesays.com\/fr\/wp-json\/wp\/v2\/types\/post"}],"author":[{"embeddable":true,"href":"https:\/\/www.europesays.com\/fr\/wp-json\/wp\/v2\/users\/2"}],"replies":[{"embeddable":true,"href":"https:\/\/www.europesays.com\/fr\/wp-json\/wp\/v2\/comments?post=964235"}],"version-history":[{"count":0,"href":"https:\/\/www.europesays.com\/fr\/wp-json\/wp\/v2\/posts\/964235\/revisions"}],"wp:featuredmedia":[{"embeddable":true,"href":"https:\/\/www.europesays.com\/fr\/wp-json\/wp\/v2\/media\/964236"}],"wp:attachment":[{"href":"https:\/\/www.europesays.com\/fr\/wp-json\/wp\/v2\/media?parent=964235"}],"wp:term":[{"taxonomy":"category","embeddable":true,"href":"https:\/\/www.europesays.com\/fr\/wp-json\/wp\/v2\/categories?post=964235"},{"taxonomy":"post_tag","embeddable":true,"href":"https:\/\/www.europesays.com\/fr\/wp-json\/wp\/v2\/tags?post=964235"}],"curies":[{"name":"wp","href":"https:\/\/api.w.org\/{rel}","templated":true}]}}