{"id":96425,"date":"2025-05-13T09:04:16","date_gmt":"2025-05-13T09:04:16","guid":{"rendered":"https:\/\/www.europesays.com\/fr\/96425\/"},"modified":"2025-05-13T09:04:16","modified_gmt":"2025-05-13T09:04:16","slug":"le-roi-charles-iii-invite-emmanuel-macron-au-chateau-de-windsor-pour-entamer-sa-visite-detat-de-quatre-jours-au-royaume-uni","status":"publish","type":"post","link":"https:\/\/www.europesays.com\/fr\/96425\/","title":{"rendered":"Le roi Charles III invite Emmanuel Macron au ch\u00e2teau de Windsor pour entamer sa visite d&rsquo;\u00c9tat de quatre jours au Royaume-Uni"},"content":{"rendered":"<p>Le roi Charles III du Royaume-Uni organise sa visite d\u2019\u00c9tat retour avec la France cet \u00e9t\u00e9. Le pr\u00e9sident fran\u00e7ais Emmanuel Macron est donc invit\u00e9 \u00e0 visiter le Royaume-Uni avec son \u00e9pouse Brigitte, durant quatre jours au d\u00e9but du mois de juillet. L\u2019accueil officiel se d\u00e9roulera au ch\u00e2teau de Windsor.<\/p>\n<p><strong>Lire aussi : <a href=\"https:\/\/histoiresroyales.fr\/roi-charles-iii-accueilli-arc-de-triomphe-emmanuel-macron\/\" rel=\"nofollow noopener\" target=\"_blank\">Le roi Charles III accueilli \u00e0 l\u2019Arc de Triomphe par Emmanuel Macron<\/a><\/strong><\/p>\n<p>Le roi Charles III et la reine Camilla recevront Emmanuel et Brigitte Macron \u00e0 Windsor en juillet<\/p>\n<p>En septembre 2023, le pr\u00e9sident Emmanuel Macron avait d\u00e9roul\u00e9 son tapis rouge pour accueillir le roi Charles III en France. Pour l\u2019occasion, le pr\u00e9sident fran\u00e7ais avait m\u00eame fait ouvrir le ch\u00e2teau de Versailles, o\u00f9 il y avait organis\u00e9 son fastueux banquet d\u2019\u00c9tat. Comme le veut la tradition diplomatique, une visite d\u2019\u00c9tat aller est suivie d\u2019une visite d\u2019\u00c9tat retour. Celle-ci vient d\u2019\u00eatre annonc\u00e9e conjointement par le palais de Buckingham et par le palais de l\u2019\u00c9lys\u00e9e.<\/p>\n<p><img fetchpriority=\"high\" decoding=\"async\" width=\"1300\" height=\"867\" src=\"https:\/\/www.europesays.com\/fr\/wp-content\/uploads\/2025\/05\/charles-iii-president-macron-visite-etat-arc-de-triomphe.jpg\" alt=\"\" class=\"wp-image-112807 lazyload\" data-  \/>Le roi Charles III avait entam\u00e9 sa visite d\u2019\u00c9tat en France aupr\u00e8s du pr\u00e9sident Macron en participant \u00e0 une c\u00e9r\u00e9monie d\u2019accueil au pied de l\u2019Arc de Triomphe, en septembre 2023 (Photo : Chris Jackson\/PA Wire\/ABACAPRESS.COM)<\/p>\n<p><strong>Lire aussi : <a href=\"https:\/\/histoiresroyales.fr\/roi-charles-iii-devient-premier-monarque-etranger-adresser-discours-senat\/\" rel=\"nofollow noopener\" target=\"_blank\">Le roi Charles III devient le premier monarque \u00e9tranger \u00e0 s\u2019adresser au S\u00e9nat<\/a><\/strong><\/p>\n<p>Le pr\u00e9sident Macon et son \u00e9pouse Brigitte se rendront au Royaume-Uni du 8 au 11 mai 2025. Le couple pr\u00e9sidentiel sera accueilli au ch\u00e2teau de Windsor et non au palais de Buckingham. La <a href=\"https:\/\/histoiresroyales.fr\/roi-charles-iii-accueille-emir-du-qatar-entoure-prince-princesse-de-galles\/\" rel=\"nofollow noopener\" target=\"_blank\">visite d\u2019\u00c9tat de l\u2019\u00e9mir du Qatar au Royaume-Uni<\/a>, en d\u00e9cembre 2024, fut la derni\u00e8re \u00e0 se d\u00e9rouler au palais de Buckingham. Le lieu de travail officiel du souverain britannique, au c\u0153ur de Londres, est en chantier pour plusieurs ann\u00e9es et les principales pi\u00e8ces occup\u00e9es lors des c\u00e9r\u00e9monies sont inaccessibles pendant trois ans.<\/p>\n<p><img loading=\"lazy\" decoding=\"async\" width=\"933\" height=\"1400\" src=\"https:\/\/www.europesays.com\/fr\/wp-content\/uploads\/2025\/05\/chateau-de-versailles-roi-charles-iii-macron-diner-933x1400.jpg\" alt=\"\" class=\"wp-image-112824 lazyload\" data-  \/>La reine Camilla, le roi Charles III, Emmanuel et Brigitte Macron sur le tapis rouge du ch\u00e2teau de Versailles, lors du banquet d\u2019\u00c9tat que le pr\u00e9sident fran\u00e7ais avait organis\u00e9 pour le couple royal britannique (Photo : Ammar Abd Rabbo\/ABACAPRESS.COM)<\/p>\n<p><img loading=\"lazy\" decoding=\"async\" width=\"1310\" height=\"1821\" src=\"https:\/\/www.europesays.com\/fr\/wp-content\/uploads\/2025\/05\/Berkshire-carte-windsor.jpg\" alt=\"\" class=\"wp-image-140995 lazyload\" data-  \/>Le ch\u00e2teau de Windsor est situ\u00e9 \u00e0 l\u2019ouest de Londres, dans le Berkshire, \u00e0 35 kilom\u00e8tres du palais de Buckingham (Image : Histoires Royales)<\/p>\n<p><strong>Lire aussi : <a href=\"https:\/\/histoiresroyales.fr\/majestueux-banquet-detat-galerie-des-glaces-chateau-de-versailles-roi-charles-iii\/\" rel=\"nofollow noopener\" target=\"_blank\">Le majestueux banquet d\u2019\u00c9tat dans la galerie des Glaces du ch\u00e2teau de Versailles en l\u2019honneur du roi Charles III<\/a><\/strong><\/p>\n<p>Le pr\u00e9sident fran\u00e7ais profitera de cette visite d\u2019\u00c9tat pour participer au 37e Sommet franco-britannique avec le premier ministre Sir Keir Starmer. Lors de la visite d\u2019\u00c9tat de Charles III en France, c\u2019est le premier ministre britannique de l\u2019\u00e9poque, Rishi Sunak, qui avait particip\u00e9 \u00e0 ce sommet avec le pr\u00e9sident Macron. Le programme officiel devrait \u00eatre communiqu\u00e9 un peu plus tard.<\/p>\n<p>La derni\u00e8re visite d\u2019\u00c9tat de la France au Royaume-Uni remonte \u00e0 mars 2008, lorsque Nicolas Sarkozy et Carla Bruni avaient r\u00e9pondu \u00e0 l\u2019invitation de la reine Elizabeth. Le couple pr\u00e9sidentiel avait lui aussi \u00e9t\u00e9 re\u00e7u au ch\u00e2teau de Windsor. Ce s\u00e9jour \u00e0 Windsor avait un air de voyage de noces pour Nicolas Sarkozy et Carla, tout juste mari\u00e9s depuis quelques jours. La premi\u00e8re visite d\u2019\u00c9tat d\u2019un pr\u00e9sident fran\u00e7ais durant le r\u00e8gne d\u2019Elizabeth II \u00e9tait celle de Charles de Gaulle en 1960. Val\u00e9ry Giscard d\u2019Estaing a eu droit \u00e0 sa visite d\u2019\u00c9tat en 1976, Fran\u00e7ois Mitterrand en 1984, Chirac en 1996 et Sarkozy en 2008. Fran\u00e7ois Hollande et Georges Pompidou sont donc les seuls pr\u00e9sidents de la Cinqui\u00e8me r\u00e9publique \u00e0 ne pas avoir effectu\u00e9 de visite d\u2019\u00c9tat au Royaume-Uni.<\/p>\n<p>\t\t\t\t<img loading=\"lazy\" alt=\"Avatar photo\" src=\"https:\/\/www.europesays.com\/fr\/wp-content\/uploads\/2025\/04\/1516945716303-164x164.jpeg\"  class=\"avatar avatar-164 photo lazyload\" height=\"164\" width=\"164\" decoding=\"async\"\/><br \/>\n\t\t<a href=\"https:\/\/histoiresroyales.fr\/author\/royaliste123\/\" rel=\"nofollow noopener\" target=\"_blank\">Nicolas Fontaine<\/a><br \/>\n\t\t\t\t\tR\u00e9dacteur en chef<\/p>\n<p>Nicolas Fontaine a \u00e9t\u00e9 concepteur-r\u00e9dacteur et auteur pour de nombreuses marques et m\u00e9dias belges et fran\u00e7ais. Sp\u00e9cialiste de l&rsquo;actualit\u00e9 des familles royales, Nicolas a fond\u00e9 le site Histoires royales dont il est le r\u00e9dacteur en chef.&#13;<br \/>\n&#13;<br \/>\nnicolas@histoiresroyales.fr<\/p>\n<p>\t\t\t\t\t\t\t<a href=\"https:\/\/twitter.com\/ActusRoyales\" class=\"boxed-icon fill twitter\" target=\"_blank\" rel=\"nofollow noopener\"><\/a><br \/>\n\t\t\t\t\t\t\t\t\t<a href=\"https:\/\/www.instagram.com\/histoiresroyales.fr\/\" class=\"boxed-icon fill instagram\" target=\"_blank\" rel=\"nofollow noopener\"><\/a><\/p>\n<p>\t\t\t\t\t\t\t\t\t\t\t\t\t<script async src=\"https:\/\/platform.twitter.com\/widgets.js\" charset=\"utf-8\"><\/script><script async src=\"\/\/www.instagram.com\/embed.js\"><\/script><\/p>\n","protected":false},"excerpt":{"rendered":"Le roi Charles III du Royaume-Uni organise sa visite d\u2019\u00c9tat retour avec la France cet \u00e9t\u00e9. Le pr\u00e9sident&hellip;\n","protected":false},"author":2,"featured_media":96426,"comment_status":"","ping_status":"","sticky":false,"template":"","format":"standard","meta":{"footnotes":""},"categories":[1588],"tags":[11,986,4793,1073,1777,674,12,4795,473,1853,1851,1850,1852,1051],"class_list":{"0":"post-96425","1":"post","2":"type-post","3":"status-publish","4":"format-standard","5":"has-post-thumbnail","7":"category-royaume-uni","8":"tag-actualites","9":"tag-brigitte-macron","10":"tag-camilla-parker-bowles","11":"tag-emmanuel-macron","12":"tag-eu","13":"tag-europe","14":"tag-news","15":"tag-roi-charles-iii","16":"tag-royaume-uni","17":"tag-royaume-uni-de-grande-bretagne-et-dirlande-du-nord","18":"tag-uk","19":"tag-united-kingdom","20":"tag-united-kingdom-of-great-britain-and-northern-ireland","21":"tag-visite-du00c9tat"},"share_on_mastodon":{"url":"https:\/\/pubeurope.com\/@fr\/114499725926266165","error":""},"_links":{"self":[{"href":"https:\/\/www.europesays.com\/fr\/wp-json\/wp\/v2\/posts\/96425","targetHints":{"allow":["GET"]}}],"collection":[{"href":"https:\/\/www.europesays.com\/fr\/wp-json\/wp\/v2\/posts"}],"about":[{"href":"https:\/\/www.europesays.com\/fr\/wp-json\/wp\/v2\/types\/post"}],"author":[{"embeddable":true,"href":"https:\/\/www.europesays.com\/fr\/wp-json\/wp\/v2\/users\/2"}],"replies":[{"embeddable":true,"href":"https:\/\/www.europesays.com\/fr\/wp-json\/wp\/v2\/comments?post=96425"}],"version-history":[{"count":0,"href":"https:\/\/www.europesays.com\/fr\/wp-json\/wp\/v2\/posts\/96425\/revisions"}],"wp:featuredmedia":[{"embeddable":true,"href":"https:\/\/www.europesays.com\/fr\/wp-json\/wp\/v2\/media\/96426"}],"wp:attachment":[{"href":"https:\/\/www.europesays.com\/fr\/wp-json\/wp\/v2\/media?parent=96425"}],"wp:term":[{"taxonomy":"category","embeddable":true,"href":"https:\/\/www.europesays.com\/fr\/wp-json\/wp\/v2\/categories?post=96425"},{"taxonomy":"post_tag","embeddable":true,"href":"https:\/\/www.europesays.com\/fr\/wp-json\/wp\/v2\/tags?post=96425"}],"curies":[{"name":"wp","href":"https:\/\/api.w.org\/{rel}","templated":true}]}}