{"id":964312,"date":"2026-05-29T10:21:24","date_gmt":"2026-05-29T10:21:24","guid":{"rendered":"https:\/\/www.europesays.com\/fr\/964312\/"},"modified":"2026-05-29T10:21:24","modified_gmt":"2026-05-29T10:21:24","slug":"carnet-noir-jojo-mayembo-forme-aux-girondins-est-decede-a-24-ans","status":"publish","type":"post","link":"https:\/\/www.europesays.com\/fr\/964312\/","title":{"rendered":"Carnet noir : Jojo Mayembo, form\u00e9 aux Girondins, est d\u00e9c\u00e9d\u00e9 \u00e0 24 ans"},"content":{"rendered":"<p><img decoding=\"async\" src=\"https:\/\/www.europesays.com\/fr\/wp-content\/uploads\/2026\/05\/671_54d23c5707ca321e9ef0e3efce7c0285.jpg\" alt=\"Carnet noir : Jojo Mayembo, form\u00e9 aux Girondins, est d\u00e9c\u00e9d\u00e9 \u00e0 24 ans\" class=\"img-responsive mt-3\"\/><\/p>\n<p class=\"text-center mb-3\" style=\"font-size: 14px\">\u00a9 Iconsport<\/p>\n<p>      <strong>Ancien joueur form\u00e9 aux Girondins, Jojo Mayembo est d\u00e9c\u00e9d\u00e9<\/strong><\/p>\n<p>Sur les r\u00e9seaux sociaux, le FC Biganos a officialis\u00e9 le d\u00e9c\u00e8s de son joueur.<\/p>\n<p>\u00ab\u00a0C\u2019est avec une immense douleur que nous avons appris la disparition tragique de notre joueur de l\u2019\u00e9quipe premi\u00e8re, Jojo MAYEMBO, survenue hier en fin de journ\u00e9e, \u00e0 l\u2019\u00e2ge de seulement 24 ans.<br \/>Les Co-pr\u00e9sidents, les joueurs, le Staff, le comit\u00e9 directeur, le bureau, les \u00e9ducateurs ainsi que l\u2019ensemble du FC Biganos sont aujourd\u2019hui profond\u00e9ment boulevers\u00e9s par cette terrible nouvelle qui frappe notre club en plein c\u0153ur.<\/p>\n<p>Nos pens\u00e9es les plus sinc\u00e8res vont \u00e0 sa famille, \u00e0 ses proches, \u00e0 ses amis ainsi qu\u2019\u00e0 toutes les personnes qui ont eu la chance de partager des moments \u00e0 ses c\u00f4t\u00e9s.<\/p>\n<p>Jojo, tu \u00e9tais un gar\u00e7on toujours souriant, appr\u00e9ci\u00e9 de tous, capable d\u2019apporter de la joie et de faire rire le groupe dans n\u2019importe quelle situation. Nous garderons de toi le souvenir d\u2019une belle personne, pleine de vie et de bonne humeur.\u00a0\u00bb<\/p>\n<p>Selon <a href=\"https:\/\/www.sudouest.fr\/gironde\/biganos\/bassin-d-arcachon-en-deuil-apres-la-noyade-de-son-attaquant-jojo-mayembo-le-football-club-de-biganos-declare-forfait-pour-son-deplacement-samedi-a-boe-29264879.php\" target=\"_blank\" rel=\"noopener nofollow\">Sud Ouest<\/a>, Jojo Mayembo a perdu la vie lors d\u2019une sortie \u00e0 la plage de Lacanau, surpris par une ba\u00efne avant de se noyer tragiquement.<\/p>\n<p>Avant de rejoindre Biganos cette saison, l\u2019attaquant avait \u00e9galement \u00e9volu\u00e9 au FC Langon. Lors de sa formation aux Girondins, il avait c\u00f4toy\u00e9 plusieurs jeunes talents bordelais comme Tom Lacoux, Dilane Bakwa et S\u00e9kou Mara.<\/p>\n<p><strong>Biganos d\u00e9clare forfait<\/strong><\/p>\n<p>D\u00e9j\u00e0 rel\u00e9gu\u00e9 en R\u00e9gional 2, le FC Biganos devait disputer une rencontre face \u00e0 Bo\u00e9 Bon-Encontre ce week-end, match durant lequel Jojo Mayembo devait porter le brassard de capitaine. Face \u00e0 ce drame, le club du Bassin d\u2019Arcachon a finalement d\u00e9clar\u00e9 forfait.<\/p>\n<p>Il y a quelques jours encore, Jojo Mayembo \u00e9tait titulaire en attaque lors de la d\u00e9faite 4-2 de Biganos face \u00e0 la r\u00e9serve des Girondins de Bordeaux.<\/p>\n<p>\u00a0<\/p>\n<p>\u00c0 lire : <strong><a href=\"https:\/\/www.webgirondins.com\/actualite-girondins-girondins-rio-mavuba-se-rapproche-d-une-prolongation-sur-le-banc-precise-arnaud-saint-andre-133393\" target=\"_blank\" rel=\"noopener nofollow\">Girondins : Rio Mavuba se rapproche d\u2019une prolongation sur le banc, pr\u00e9cise Arnaud Saint-Andr\u00e9<\/a><\/strong><\/p>\n<p style=\"text-align: justify;\">\u00c9coutez notre podcast court sur l&rsquo;acualit\u00e9 des Girondins :<\/p>\n<p>\u00a0<\/p>\n<p>\u00a0<\/p>\n","protected":false},"excerpt":{"rendered":"\u00a9 Iconsport Ancien joueur form\u00e9 aux Girondins, Jojo Mayembo est d\u00e9c\u00e9d\u00e9 Sur les r\u00e9seaux sociaux, le FC Biganos&hellip;\n","protected":false},"author":2,"featured_media":964313,"comment_status":"","ping_status":"","sticky":false,"template":"","format":"standard","meta":{"footnotes":"","_share_on_mastodon":"0"},"categories":[2817],"tags":[1111,11,2562,13771,44706,1997,4764,5244,1762,2715,1777,674,4988,1011,27,1987,101695,101696,12,3624,2219,14190,25,42855],"class_list":["post-964312","post","type-post","status-publish","format-standard","has-post-thumbnail","category-bordeaux","tag-actu","tag-actualites","tag-annonce","tag-attaquant","tag-biganos","tag-bordeaux","tag-carnet","tag-club","tag-decede","tag-disparition","tag-eu","tag-europe","tag-forme","tag-fr","tag-france","tag-girondins","tag-jojo","tag-mayembo","tag-news","tag-noir","tag-nouvelle-aquitaine","tag-regional","tag-republique-francaise","tag-tragique"],"share_on_mastodon":{"url":"https:\/\/pubeurope.com\/@fr\/116657370283839875","error":""},"_links":{"self":[{"href":"https:\/\/www.europesays.com\/fr\/wp-json\/wp\/v2\/posts\/964312","targetHints":{"allow":["GET"]}}],"collection":[{"href":"https:\/\/www.europesays.com\/fr\/wp-json\/wp\/v2\/posts"}],"about":[{"href":"https:\/\/www.europesays.com\/fr\/wp-json\/wp\/v2\/types\/post"}],"author":[{"embeddable":true,"href":"https:\/\/www.europesays.com\/fr\/wp-json\/wp\/v2\/users\/2"}],"replies":[{"embeddable":true,"href":"https:\/\/www.europesays.com\/fr\/wp-json\/wp\/v2\/comments?post=964312"}],"version-history":[{"count":0,"href":"https:\/\/www.europesays.com\/fr\/wp-json\/wp\/v2\/posts\/964312\/revisions"}],"wp:featuredmedia":[{"embeddable":true,"href":"https:\/\/www.europesays.com\/fr\/wp-json\/wp\/v2\/media\/964313"}],"wp:attachment":[{"href":"https:\/\/www.europesays.com\/fr\/wp-json\/wp\/v2\/media?parent=964312"}],"wp:term":[{"taxonomy":"category","embeddable":true,"href":"https:\/\/www.europesays.com\/fr\/wp-json\/wp\/v2\/categories?post=964312"},{"taxonomy":"post_tag","embeddable":true,"href":"https:\/\/www.europesays.com\/fr\/wp-json\/wp\/v2\/tags?post=964312"}],"curies":[{"name":"wp","href":"https:\/\/api.w.org\/{rel}","templated":true}]}}