{"id":9644,"date":"2025-04-08T07:41:11","date_gmt":"2025-04-08T07:41:11","guid":{"rendered":"https:\/\/www.europesays.com\/fr\/9644\/"},"modified":"2025-04-08T07:41:11","modified_gmt":"2025-04-08T07:41:11","slug":"beaucoup-moins-de-touristes-canadiens-aux-usa-info-ou-intox","status":"publish","type":"post","link":"https:\/\/www.europesays.com\/fr\/9644\/","title":{"rendered":"Beaucoup moins de touristes canadiens aux USA : info ou intox ?"},"content":{"rendered":"<p>\t\t\t\t\t\t\t\t\t\tBeaucoup moins de touristes canadiens aux USA : info ou intox ?<\/p>\n<p><\/p>\n<p>\t\t\t\t\t\t\t\t\t\t\t\t<a href=\"https:\/\/www.europesays.com\/fr\/wp-content\/uploads\/2025\/04\/Etats-Unis.jpg\" class=\"lightbox-photo\" title=\"\"><img decoding=\"async\" src=\"https:\/\/www.europesays.com\/fr\/wp-content\/uploads\/2025\/04\/Etats-Unis.jpg\" alt=\"\" width=\"865\" style=\"width:865px;box-shadow: 0px 0px 10px 1px rgba(0,0,0,1);\"\/><\/a><\/p>\n<p>\t\t\t\t\t\t\t\t\t\t&#13;<br \/>\n\t\t\t\t\t\t\t\t\t\t&#13;<br \/>\n\t\t\t\t\t\t\t\t\t\t\t8 avril 2025\u00a0\u00a0&#13;<br \/>\n\t\t\t\t\t\t\t\t\t\t\t&#13;<br \/>\n\t\t\t\t\t\t\t\t\t\t\t<a href=\"https:\/\/www.laquotidienne.fr\/author\/preibec\/\" title=\"Articles par R\u00e9daction\" rel=\"author noopener\" target=\"_blank\">R\u00e9daction<\/a>\u00a0\u00a0&#13;<br \/>\n\t\t\t\t\t\t\t\t\t\t\t&#13;<br \/>\n\t\t\t\t\t\t\t\t\t\t\t&#13;<br \/>\n\t\t\t\t\t\t\t\t\t\t\t<a href=\"#comments\" class=\"scrollTo item-meta-i\"><\/a><a href=\"https:\/\/www.laquotidienne.fr\/beaucoup-moins-de-touristes-canadiens-aux-usa-info-ou-intox\/#respond\" target=\"_blank\" rel=\"noopener\">Aucun commentaire<\/a>\u00a0\u00a0&#13;<br \/>\n\t\t\t\t\t\t\t\t\t\t\t&#13;<br \/>\n\t\t\t\t\t\t\t\t\t\t\t<a href=\"https:\/\/www.laquotidienne.fr\/rubrique\/a-la-une\/\" rel=\"category tag noopener\" target=\"_blank\">\u00c0 la une<\/a>\u00a0\u00a0&#13;<br \/>\n\t\t\t\t\t\t\t\t\t\t\t&#13;<br \/>\n\t\t\t\t\t\t\t\t\t\t\t\u00a0<a href=\"https:\/\/www.laquotidienne.fr\/tag\/donald-trump\/\" rel=\"tag noopener\" target=\"_blank\">Donald Trump<\/a>, <a href=\"https:\/\/www.laquotidienne.fr\/tag\/etats-unis-2\/\" rel=\"tag noopener\" target=\"_blank\">Etats Unis<\/a>, <a href=\"https:\/\/www.laquotidienne.fr\/tag\/ntto\/\" rel=\"tag noopener\" target=\"_blank\">NTTO<\/a>, <a href=\"https:\/\/www.laquotidienne.fr\/tag\/touristes-canadiens\/\" rel=\"tag noopener\" target=\"_blank\">touristes canadiens<\/a>\u00a0\u00a0&#13;<br \/>\n\t\t\t\t\t\t\t\t\t\t\t&#13;<br \/>\n\t\t\t\t\t\t\t\t\t\t\t\t\t\t\t\t\t\t\t\t\t\t\t\u00a02523 vues&#13;<br \/>\n\t\t\t\t\t\t\t\t\t\t\t&#13;<br \/>\n\t\t\t\t\t\t\t\t\t\t\t&#13;<\/p>\n<p><strong>L\u2019impact de la rh\u00e9torique de l\u2019administration de Donald Trump sur ses proches voisins a un impact sur le secteur du tourisme en g\u00e9n\u00e9ral et sur l\u2019industrie a\u00e9rienne, comme c\u2019est le cas notamment pour la compagnie United Airlines, qui a r\u00e9duit la fr\u00e9quence des vols en provenance du Canada en raison d\u2019une r\u00e9elle baisse de la demande.<\/strong><\/p>\n<p><img decoding=\"async\" loading=\"lazy\" class=\"size-full wp-image-162198 alignleft\" src=\"https:\/\/www.europesays.com\/fr\/wp-content\/uploads\/2025\/04\/Etats-Unis-1.jpg\" alt=\"\" width=\"640\" height=\"351\"  \/>Depuis que Trump a annonc\u00e9 ses mesures fiscales pour la premi\u00e8re fois en f\u00e9vrier dernier, les voyages en voiture au d\u00e9part du Canada ont diminu\u00e9 de 24 % par rapport \u00e0 la m\u00eame p\u00e9riode l\u2019ann\u00e9e derni\u00e8re.<\/p>\n<p>Il s\u2019agit de l\u2019un des plus grands march\u00e9s sources des Etats-Unis, avec le Mexique, repr\u00e9sentant 50 % des visiteurs en 2024.<\/p>\n<p><img decoding=\"async\" loading=\"lazy\" class=\"size-full wp-image-138244 alignleft\" src=\"https:\/\/www.europesays.com\/fr\/wp-content\/uploads\/2025\/04\/canada.jpg\" alt=\"\" width=\"640\" height=\"411\"  \/>Plus pr\u00e9cis\u00e9ment, les Etats-Unis ont accueilli 1,41 million de visiteurs en provenance du Canada en f\u00e9vrier 2025, soit une baisse de 4,4 % par rapport au m\u00eame mois en 2024.<\/p>\n<p>Parmi les 20 principaux march\u00e9s sources de la destination am\u00e9ricaine, le Canada \u00e9tait le seul \u00e0 afficher un solde mensuel n\u00e9gatif, selon les donn\u00e9es de l\u2019Office national du voyage et du tourisme des Etats-Unis (NTTO).<\/p>\n<p>D\u00e8s les premiers jours de son second mandat, Trump avait d\u00e9j\u00e0 cibl\u00e9 le Canada en imposant une s\u00e9rie de tarifs sur ses produits, ce qui a conduit \u00e0 une guerre tarifaire entre les deux pays.<\/p>\n<p><img decoding=\"async\" loading=\"lazy\" class=\"size-full wp-image-162200 alignleft\" src=\"https:\/\/www.europesays.com\/fr\/wp-content\/uploads\/2025\/04\/Etats-Unis-2.jpg\" alt=\"\" width=\"640\" height=\"353\"  \/>L\u2019ancien premier ministre Justin Trudeau a m\u00eame recommand\u00e9 aux citoyens canadiens d\u2019\u00e9viter de se rendre aux Etats-Unis en raison de cette d\u00e9rive tarifaire.<\/p>\n<p>De plus, le pays nord-am\u00e9ricain a modifi\u00e9 ses politiques d\u2019immigration, renfor\u00e7ant les contr\u00f4les d\u2019entr\u00e9e, ce qui a entra\u00een\u00e9 des cas de d\u00e9tention ou d\u2019arrestation de divers touristes.<\/p>\n<p>\t\t\t\t\t\t\t\t\t\t\t<br clear=\"all\"\/><\/p>\n<p>\t\t\t\t\t\t\t\t\t\t\t&#13;<br \/>\n\t\t\t\t\t\t\t\t\t\t\t\t\t\t\t\t\t\t\t\t\t\t<a href=\"https:\/\/www.facebook.com\/sharer.php?u=https:\/\/www.laquotidienne.fr\/beaucoup-moins-de-touristes-canadiens-aux-usa-info-ou-intox\/&amp;t=Beaucoup moins de touristes canadiens aux USA : info ou intox ?\" target=\"_blank\" class=\"item\" title=\"Partagez sur Facebook\" rel=\"noopener\"><img decoding=\"async\" src=\"https:\/\/www.europesays.com\/fr\/wp-content\/uploads\/2025\/04\/fb.jpg\" style=\"box-shadow:0px 0px 10px black;\"\/><\/a><br \/>&#13;<br \/>\n\t\t\t\t\t\t\t\t\t\t\t<a href=\"https:\/\/www.facebook.com\/sharer.php?u=https:\/\/www.laquotidienne.fr\/beaucoup-moins-de-touristes-canadiens-aux-usa-info-ou-intox\/&amp;t=Beaucoup moins de touristes canadiens aux USA : info ou intox ?\" target=\"_blank\" class=\"item\" title=\"Partagez sur Facebook\" rel=\"noopener\"><img decoding=\"async\" src=\"https:\/\/www.europesays.com\/fr\/wp-content\/uploads\/2025\/04\/Etats-Unis-resizedFile55.jpg\" style=\"width:300px;\"\/><\/a>&#13;<\/p>\n<p>&#13;\n\t\t\t\t\t\t\t\t\t\t<\/p>\n","protected":false},"excerpt":{"rendered":"Beaucoup moins de touristes canadiens aux USA : info ou intox ? &#13; &#13; 8 avril 2025\u00a0\u00a0&#13; &#13;&hellip;\n","protected":false},"author":2,"featured_media":9645,"comment_status":"","ping_status":"","sticky":false,"template":"","format":"standard","meta":{"footnotes":""},"categories":[1589],"tags":[11,73,1866,27,1031,4052,12,4048,4050,1404,4049,4053,4051,602,1864,1865,1863,308],"class_list":{"0":"post-9644","1":"post","2":"type-post","3":"status-publish","4":"format-standard","5":"has-post-thumbnail","7":"category-etats-unis","8":"tag-actualites","9":"tag-etats-unis","10":"tag-etats-unis-damerique","11":"tag-france","12":"tag-magazine","13":"tag-magazine-touristique","14":"tag-news","15":"tag-presse","16":"tag-presse-professionnelle","17":"tag-quotidien","18":"tag-quotidienne","19":"tag-revue","20":"tag-revue-tourisme","21":"tag-tourisme","22":"tag-united-states","23":"tag-united-states-of-america","24":"tag-us","25":"tag-usa"},"share_on_mastodon":{"url":"https:\/\/pubeurope.com\/@fr\/114301218621516803","error":""},"_links":{"self":[{"href":"https:\/\/www.europesays.com\/fr\/wp-json\/wp\/v2\/posts\/9644","targetHints":{"allow":["GET"]}}],"collection":[{"href":"https:\/\/www.europesays.com\/fr\/wp-json\/wp\/v2\/posts"}],"about":[{"href":"https:\/\/www.europesays.com\/fr\/wp-json\/wp\/v2\/types\/post"}],"author":[{"embeddable":true,"href":"https:\/\/www.europesays.com\/fr\/wp-json\/wp\/v2\/users\/2"}],"replies":[{"embeddable":true,"href":"https:\/\/www.europesays.com\/fr\/wp-json\/wp\/v2\/comments?post=9644"}],"version-history":[{"count":0,"href":"https:\/\/www.europesays.com\/fr\/wp-json\/wp\/v2\/posts\/9644\/revisions"}],"wp:featuredmedia":[{"embeddable":true,"href":"https:\/\/www.europesays.com\/fr\/wp-json\/wp\/v2\/media\/9645"}],"wp:attachment":[{"href":"https:\/\/www.europesays.com\/fr\/wp-json\/wp\/v2\/media?parent=9644"}],"wp:term":[{"taxonomy":"category","embeddable":true,"href":"https:\/\/www.europesays.com\/fr\/wp-json\/wp\/v2\/categories?post=9644"},{"taxonomy":"post_tag","embeddable":true,"href":"https:\/\/www.europesays.com\/fr\/wp-json\/wp\/v2\/tags?post=9644"}],"curies":[{"name":"wp","href":"https:\/\/api.w.org\/{rel}","templated":true}]}}