{"id":964663,"date":"2026-05-29T14:03:17","date_gmt":"2026-05-29T14:03:17","guid":{"rendered":"https:\/\/www.europesays.com\/fr\/964663\/"},"modified":"2026-05-29T14:03:17","modified_gmt":"2026-05-29T14:03:17","slug":"a-nice-le-chu-lance-le-tiers-lieu-skin-pour-accelerer-linnovation-en-dermatologie","status":"publish","type":"post","link":"https:\/\/www.europesays.com\/fr\/964663\/","title":{"rendered":"\u00c0 Nice, le CHU lance le Tiers-Lieu SKIN pour acc\u00e9l\u00e9rer l&rsquo;innovation en dermatologie"},"content":{"rendered":"<p melodystyle=\"\">Les cancers cutan\u00e9s progressent, les d\u00e9lais pour obtenir un rendez-vous chez un dermatologue s&rsquo;allongent et les innovations se multiplient. C&rsquo;est \u00e0 la crois\u00e9e de ces trois enjeux que le CHU de Nice a officiellement lanc\u00e9, ce 28 mai \u00e0 l&rsquo;h\u00f4pital Pasteur, son <a href=\"https:\/\/www.tle-skin.fr\/\" target=\"_blank\" rel=\"nofollow noopener\">Tiers-Lieu d&rsquo;Exp\u00e9rimentation SKIN<\/a>.<\/p>\n<p melodystyle=\"\">Ce dispositif doit permettre \u00e0 des startups, PME et industriels de tester leurs solutions num\u00e9riques en dermatologie dans un environnement clinique, au contact des m\u00e9decins et des patients. \u201cC&rsquo;est le premier et unique tiers-lieu en France d\u00e9di\u00e9 exclusivement \u00e0 la peau\u201d, pr\u00e9cise le professeur Thierry Passeron, professeur en dermatologie au CHU de Nice et porteur du projet.<\/p>\n<p>R\u00e9pondre \u00e0 la crise d&rsquo;acc\u00e8s aux soins<\/p>\n<p melodystyle=\"\">Le lancement de SKIN intervient dans un contexte particuli\u00e8rement tendu pour la dermatologie. Les cancers cutan\u00e9s ont tripl\u00e9 en trente ans et l&rsquo;acc\u00e8s aux sp\u00e9cialistes devient de plus en plus difficile. Selon <a href=\"https:\/\/www.eurobiomed.org\/\" target=\"_blank\" rel=\"nofollow noopener\">Eurobiomed<\/a>, 200.000 nouveaux cas de cancers cutan\u00e9s sont diagnostiqu\u00e9s chaque ann\u00e9e en France, dont 15.000 m\u00e9lanomes. Dans le m\u00eame temps, le nombre de dermatologues a recul\u00e9 de 10% en dix ans.<\/p>\n<p melodystyle=\"\">\u201cPr\u00e8s de la moiti\u00e9 des personnes qui souffrent d&rsquo;un probl\u00e8me de peau renoncent \u00e0 se faire soigner, tout simplement parce qu&rsquo;elles n&rsquo;arrivent pas \u00e0 acc\u00e9der aux soins dermatologiques\u201d, a soulign\u00e9 Thierry Passeron.<\/p>\n<p><img width=\"640\" height=\"480\" src=\"https:\/\/www.europesays.com\/fr\/wp-content\/uploads\/2026\/05\/a-nice-le-chu-lance-le-tiers-lieu-skin-pour-accelerer-l-innovation-en-dermatologie-2-1024x768.jpg\" class=\"attachment-large size-large\" alt=\"a nice le chu lance le tiers lieu skin pour accelerer l innovation en dermatologie 2\" decoding=\"async\" loading=\"lazy\"  \/>Thierry Passeron.<\/p>\n<p melodystyle=\"\">Pour le CHU de Nice, l&rsquo;enjeu ne se limite pas au d\u00e9pistage du cancer. La dermatologie couvre aussi des pathologies inflammatoires, immunitaires ou chroniques qui peuvent profond\u00e9ment alt\u00e9rer la qualit\u00e9 de vie des patients : psoriasis, ecz\u00e9ma, vitiligo, pelade ou maladies rares cutan\u00e9es. \u201cIl n&rsquo;y a pas de petits probl\u00e8mes de peau pour les personnes qui en souffrent\u201d, insiste le professeur Thierry Passeron.<\/p>\n<p>Un \u00e9cosyst\u00e8me territorial d\u00e9j\u00e0 structur\u00e9<\/p>\n<p melodystyle=\"\">Le Tiers-Lieu SKIN s&rsquo;appuie sur un consortium r\u00e9unissant le <a href=\"https:\/\/www.chu-nice.fr\/\" target=\"_blank\" rel=\"nofollow noopener\">CHU de Nice<\/a>, l&rsquo;Inria, <a href=\"https:\/\/univ-cotedazur.fr\/\" target=\"_blank\" rel=\"nofollow noopener\">Universit\u00e9 C\u00f4te d&rsquo;Azur<\/a>, des dermatologues lib\u00e9raux, des m\u00e9decins g\u00e9n\u00e9ralistes, des associations de patients, des industriels et Eurobiomed. Ce lancement co\u00efncide \u00e9galement avec la publication par Eurobiomed de la premi\u00e8re cartographie de la fili\u00e8re dermatologie et sciences de la peau dans le Sud de la France. Cette cartographie recense 84 acteurs, dont 65 entreprises, 5 CHU et plus de 30 \u00e9quipes de recherche entre Occitanie et R\u00e9gion Sud. La fili\u00e8re repr\u00e9senterait environ 4.000 emplois directs.<\/p>\n<p melodystyle=\"\">Pour Eurobiomed, ce travail confirme l&rsquo;existence d&rsquo;une fili\u00e8re dermatologique d\u00e9j\u00e0 dense, structur\u00e9e autour de la recherche, de la clinique, de l&rsquo;industrie pharmaceutique, de la cosm\u00e9tique, des biotechs et des dispositifs m\u00e9dicaux num\u00e9riques. \u00c0 Nice, cette dynamique s&rsquo;appuie notamment sur un service de dermatologie particuli\u00e8rement actif. Le CHU revendique plus de 150 essais cliniques en cinq ans, plus de 300 publications, deux spin-off et d\u00e9sormais ce tiers-lieu d\u00e9di\u00e9 \u00e0 l&rsquo;exp\u00e9rimentation.<\/p>\n<p>Acc\u00e9l\u00e9rer les projets, de l&rsquo;id\u00e9e au march\u00e9<\/p>\n<p melodystyle=\"\">Concr\u00e8tement, SKIN veut accompagner les porteurs de projets \u00e0 diff\u00e9rents stades : validation d&rsquo;une id\u00e9e, d\u00e9veloppement technologique, exp\u00e9rimentation clinique, acc\u00e8s aux professionnels de sant\u00e9, \u00e9valuation avec les patients ou encore pr\u00e9paration \u00e0 l&rsquo;acc\u00e8s au march\u00e9. Les solutions attendues peuvent concerner l&rsquo;imagerie m\u00e9dicale, la t\u00e9l\u00e9-expertise, l&rsquo;intelligence artificielle, les dispositifs m\u00e9dicaux num\u00e9riques ou encore les outils d&rsquo;aide au d\u00e9pistage et au suivi des pathologies cutan\u00e9es.<\/p>\n<p melodystyle=\"\">L&rsquo;objectif n&rsquo;est pas de remplacer les dermatologues, mais de mieux orienter les patients et d&rsquo;am\u00e9liorer les parcours. \u201cLes solutions num\u00e9riques ne vont pas r\u00e9soudre tous les probl\u00e8mes, mais elles peuvent nous aider en nous appuyant sur les autres professionnels de sant\u00e9\u201d, souligne Thierry Passeron. Le tiers-lieu veut aussi partir des besoins r\u00e9els des patients. Les associations seront associ\u00e9es aux expertises afin d&rsquo;\u00e9valuer la pertinence clinique, mais aussi \u00e9thique, des projets accompagn\u00e9s.<\/p>\n<p melodystyle=\"\">La soir\u00e9e de lancement a \u00e9galement permis de mettre en lumi\u00e8re plusieurs innovations d\u00e9j\u00e0 d\u00e9velopp\u00e9es dans l&rsquo;\u00e9cosyst\u00e8me de la sant\u00e9 num\u00e9rique. Trois dirigeants d&rsquo;entreprises sont venus pr\u00e9senter leurs solutions devant les acteurs r\u00e9unis \u00e0 Pasteur : Bernard Fertil, CEO d&rsquo;<a href=\"https:\/\/anapix-medical.com\/\" target=\"_blank\" rel=\"nofollow noopener\">Anapix Medical<\/a>, autour de la t\u00e9l\u00e9expertise et de la d\u00e9tection des cancers cutan\u00e9s, Thierry Desjardins, CEO de <a href=\"https:\/\/www.surtouch.com\/\" target=\"_blank\" rel=\"nofollow noopener\">Sur&rsquo;Touch<\/a>, qui d\u00e9veloppe un instrument chirurgical intelligent destin\u00e9 \u00e0 am\u00e9liorer le diagnostic et le traitement des l\u00e9sions cutan\u00e9es, et K\u00e9vin Cortacero, CEO de <a href=\"https:\/\/mantalys.fr\/\" target=\"_blank\" rel=\"nofollow noopener\">Mantalys<\/a>, venu exposer les applications de l&rsquo;intelligence artificielle dans le domaine de la pathologie digitale. Des exemples concrets qui illustrent la vocation du Tiers-Lieu SKIN : rapprocher chercheurs, cliniciens et entrepreneurs pour acc\u00e9l\u00e9rer le d\u00e9ploiement d&rsquo;innovations au service des patients.<\/p>\n<p><img width=\"640\" height=\"480\" src=\"https:\/\/www.europesays.com\/fr\/wp-content\/uploads\/2026\/05\/a-nice-le-chu-lance-le-tiers-lieu-skin-pour-accelerer-l-innovation-en-dermatologie-3-1024x768.jpg\" class=\"attachment-large size-large\" alt=\"a nice le chu lance le tiers lieu skin pour accelerer l innovation en dermatologie 3\" decoding=\"async\" loading=\"lazy\"  \/>Thierry Desjardins.<\/p>\n<p melodystyle=\"\">\u00c0 plus long terme, Thierry Passeron veut faire de SKIN la premi\u00e8re brique d&rsquo;un projet beaucoup plus large : le Skin Institute. Ce futur centre ambitionne de regrouper pr\u00e9vention, soins, essais cliniques, recherche, industrie pharmaceutique et intelligence artificielle autour de la sant\u00e9 de la peau. L&rsquo;objectif affich\u00e9 est ambitieux : faire \u00e9merger \u00e0 Nice, \u00e0 l&rsquo;horizon 2028, l&rsquo;un des plus grands centres europ\u00e9ens d\u00e9di\u00e9s \u00e0 la peau, aux soins et \u00e0 la recherche dermatologique.<\/p>\n","protected":false},"excerpt":{"rendered":"Les cancers cutan\u00e9s progressent, les d\u00e9lais pour obtenir un rendez-vous chez un dermatologue s&rsquo;allongent et les innovations se&hellip;\n","protected":false},"author":2,"featured_media":964664,"comment_status":"","ping_status":"","sticky":false,"template":"","format":"standard","meta":{"footnotes":"","_share_on_mastodon":"0"},"categories":[2819],"tags":[1111,11,1777,674,1011,27,12,2401,882,25],"class_list":["post-964663","post","type-post","status-publish","format-standard","has-post-thumbnail","category-nice","tag-actu","tag-actualites","tag-eu","tag-europe","tag-fr","tag-france","tag-news","tag-nice","tag-provence-alpes-cote-dazur","tag-republique-francaise"],"share_on_mastodon":{"url":"https:\/\/pubeurope.com\/@fr\/116658243355974649","error":""},"_links":{"self":[{"href":"https:\/\/www.europesays.com\/fr\/wp-json\/wp\/v2\/posts\/964663","targetHints":{"allow":["GET"]}}],"collection":[{"href":"https:\/\/www.europesays.com\/fr\/wp-json\/wp\/v2\/posts"}],"about":[{"href":"https:\/\/www.europesays.com\/fr\/wp-json\/wp\/v2\/types\/post"}],"author":[{"embeddable":true,"href":"https:\/\/www.europesays.com\/fr\/wp-json\/wp\/v2\/users\/2"}],"replies":[{"embeddable":true,"href":"https:\/\/www.europesays.com\/fr\/wp-json\/wp\/v2\/comments?post=964663"}],"version-history":[{"count":0,"href":"https:\/\/www.europesays.com\/fr\/wp-json\/wp\/v2\/posts\/964663\/revisions"}],"wp:featuredmedia":[{"embeddable":true,"href":"https:\/\/www.europesays.com\/fr\/wp-json\/wp\/v2\/media\/964664"}],"wp:attachment":[{"href":"https:\/\/www.europesays.com\/fr\/wp-json\/wp\/v2\/media?parent=964663"}],"wp:term":[{"taxonomy":"category","embeddable":true,"href":"https:\/\/www.europesays.com\/fr\/wp-json\/wp\/v2\/categories?post=964663"},{"taxonomy":"post_tag","embeddable":true,"href":"https:\/\/www.europesays.com\/fr\/wp-json\/wp\/v2\/tags?post=964663"}],"curies":[{"name":"wp","href":"https:\/\/api.w.org\/{rel}","templated":true}]}}