{"id":96488,"date":"2025-05-13T09:39:19","date_gmt":"2025-05-13T09:39:19","guid":{"rendered":"https:\/\/www.europesays.com\/fr\/96488\/"},"modified":"2025-05-13T09:39:19","modified_gmt":"2025-05-13T09:39:19","slug":"des-lieux-pour-se-reposer-de-la-rue-immersion-dans-lun-des-accueils-de-jour-pour-les-sdf-dans-le-var","status":"publish","type":"post","link":"https:\/\/www.europesays.com\/fr\/96488\/","title":{"rendered":"\u00ab\u00a0Des lieux pour se reposer de la rue\u00a0\u00bb: immersion dans l&rsquo;un des accueils de jour pour les SDF dans le Var"},"content":{"rendered":"<p>C\u2019est la mission principale des structures comme Archaos. Les accueils de jours sont \u00ab des lieux d\u2019accueil inconditionnel et de mise \u00e0 l\u2019abri en journ\u00e9e, qui favorisent le lien social \u00bb, stipule en effet la charte mise en place il y a quelques semaines entre les sept dispositifs du genre que comptent le Var et la Direction d\u00e9partementale de l\u2019emploi, du travail, et des solidarit\u00e9s.<\/p>\n<p>Se remplir l\u2019estomac et le c\u0153ur<\/p>\n<p>\u00ab Cette charte permet un socle de travail commun entre nous tous, explique Marianne Santoni, la pr\u00e9sidente d\u2019Archaos, tout en reconnaissant les sp\u00e9cificit\u00e9s de chaque structure. Elle montre aussi l\u2019int\u00e9r\u00eat que nous porte le pr\u00e9fet. \u00bb Il faut dire, ajoute Jean-Paul Jambon, tr\u00e9sorier adjoint de l\u2019association et d\u00e9l\u00e9gu\u00e9 de la Fondation pour le logement (ex-Fondation Abb\u00e9-Pierre), soutien financier, que \u00ab nous sommes quasiment une d\u00e9l\u00e9gation de service public ! \u00bb.<\/p>\n<p>Et la charte ne le d\u00e9trompe pas vraiment, qualifiant ces structures de \u00ab premier contact des personnes en situation de pr\u00e9carit\u00e9 \u00bb. Car au-del\u00e0 d\u2019un accueil et d\u2019une \u00e9coute, ces dispositifs pourvoient \u00e0 des besoins de premi\u00e8re n\u00e9cessit\u00e9 : s\u2019hydrater, se chauffer, se laver\u2026 \u00ab Des lieux pour se reposer de la rue \u00bb, r\u00e9sume la pr\u00e9sidente.<\/p>\n<p>\u00ab Je trouve ici du r\u00e9confort \u00bb, confirme Isabelle, une quinqua qui vit \u00ab plus ou moins dehors \u00bb depuis qu\u2019un accident l\u2019a jet\u00e9e dans la rue, handicap\u00e9e et totalement d\u00e9munie.<\/p>\n<p>\u00c0 la table de Manu, Michelle, elle, a un toit. Mais pas d\u2019eau chaude. Pas de chauffage. Alors chaque jour depuis deux ans, elle vient se remplir l\u2019estomac et le c\u0153ur aux c\u00f4t\u00e9s de \u00ab gens qui sont comme [elle] et qui [la] comprennent \u00bb.<\/p>\n<p>Premiers pas dans la soci\u00e9t\u00e9<\/p>\n<p>              <img ci-src=\"https:\/\/www.varmatin.com\/faits-de-societe\/Image+-9FxS3OVC.jpg?vh=741e94&amp;ci_seal=62cb7a024c\" alt=\"\"\/><br \/>\n         <strong>Photos Camille Dodet.<\/strong> <\/p>\n<p>Les \u00e9quipes &#8211; Archaos compte dix \u00e9ducateurs sp\u00e9cialis\u00e9s et animateurs, ainsi que l\u2019aide pr\u00e9cieuse de jeunes en service civique &#8211; ont aussi pour vocation de favoriser l\u2019acc\u00e8s au droit d\u2019un public qui y a peu recours. \u00ab Nous travaillons sur les parcours sociaux \u00bb, souligne Marianne Santoni. Les personnes accueillies sont ainsi guid\u00e9es dans leurs d\u00e9marches pour mettre en place un accompagnement.<\/p>\n<p>Acc\u00e8s aux soins, notamment en cas d\u2019addiction ou de troubles psychologiques, \u00e0 un h\u00e9bergement puis au logement, et pourquoi pas \u00e0 l\u2019insertion professionnelle\u2026 Autant d\u2019\u00e9tapes pour les aider \u00e0 (re)faire \u00ab leurs premiers pas dans la soci\u00e9t\u00e9 \u00bb.<\/p>\n<p>Parfois, jusqu\u2019\u00e0 renouer avec elle. Steve, visage fendu par un immense sourire, participe moins souvent au repas d\u2019Archaos. Il vient parfois parce que \u00ab c\u2019est sympa \u00bb, mais il a d\u00e9sormais un travail et, dans quelques jours, il entrera dans son propre appartement. \u00ab C\u2019est gr\u00e2ce \u00e0 Archaos que je n\u2019ai pas sombr\u00e9 dans la d\u00e9pression ! \u00bb<\/p>\n<p>Un donn\u00e9 pour un rendu<\/p>\n<p>Une gratitude dont certains t\u00e9moignent en se mettant \u00e0 leur tour au service de leurs pairs. Malik et Jean-Luc, tous deux en costume cravate, chapeau viss\u00e9 sur la t\u00eate, sont aujourd\u2019hui \u00ab d\u00e9l\u00e9gu\u00e9s \u00bb : ils font le lien entre les accueillis et l\u2019association.<\/p>\n<p>\u00ab J\u2019ai \u00e9t\u00e9 dans la rue pendant quinze ans, confie le premier, un plateau de tarte aux pommes en main. Je m\u2019en suis sorti gr\u00e2ce \u00e0 Archaos. Aujourd\u2019hui, j\u2019ai une femme et deux enfants, une activit\u00e9 de technicien informatique \u00e0 domicile. C\u2019est \u00e0 mon tour de donner. \u00bb \u00ab En 2018, j\u2019\u00e9tais \u00e0 la rue, explique en \u00e9cho Jean-Luc, attabl\u00e9 avec Raymone et Laetitia. C\u2019est l\u2019association qui m\u2019a permis de m\u2019en sortir. Maintenant, je rends l\u2019amour que j\u2019ai re\u00e7u. \u00bb Il ajoute : \u00ab \u00e7a me fait plaisir de voir des accueillis qui commencent \u00e0 s\u2019en sortir ! \u00bb<\/p>\n<p>Mais la soci\u00e9t\u00e9 se fait de plus en plus dure pour les plus d\u00e9munis. \u00ab Ici, note Nathalie Germain, la cheffe de service d\u2019Archaos, on accueille maintenant 30 % de personnes qui, bien qu\u2019elles aient un logement, sont dans une tr\u00e8s grande pr\u00e9carit\u00e9. \u00bb Elle remarque aussi un public de plus en plus jeune et souffrant de pathologies psychologiques lourdes, li\u00e9es ou non \u00e0 de l\u2019addiction. Des facteurs qui demandent de l\u2019adaptation aux associations. Car, co\u00fbte que co\u00fbte, leur mission demeure \u00ab l\u2019accueil inconditionnel, tout en permettant la paix, dans et hors des structures \u00bb.<\/p>\n<p>Dans le Var, les services de la pr\u00e9fecture estiment \u00e0 4 000 le nombre de personnes sans domicile fixe. Plus des deux tiers seraient sur le secteur toulonnais.<\/p>\n","protected":false},"excerpt":{"rendered":"C\u2019est la mission principale des structures comme Archaos. Les accueils de jours sont \u00ab des lieux d\u2019accueil inconditionnel&hellip;\n","protected":false},"author":2,"featured_media":96489,"comment_status":"","ping_status":"","sticky":false,"template":"","format":"standard","meta":{"footnotes":""},"categories":[9619],"tags":[1111,11,1777,674,332,1011,27,12,882,25,2310],"class_list":{"0":"post-96488","1":"post","2":"type-post","3":"status-publish","4":"format-standard","5":"has-post-thumbnail","7":"category-toulon","8":"tag-actu","9":"tag-actualites","10":"tag-eu","11":"tag-europe","12":"tag-faits-de-societe","13":"tag-fr","14":"tag-france","15":"tag-news","16":"tag-provence-alpes-cote-dazur","17":"tag-republique-francaise","18":"tag-toulon"},"share_on_mastodon":{"url":"https:\/\/pubeurope.com\/@fr\/114499863412635415","error":""},"_links":{"self":[{"href":"https:\/\/www.europesays.com\/fr\/wp-json\/wp\/v2\/posts\/96488","targetHints":{"allow":["GET"]}}],"collection":[{"href":"https:\/\/www.europesays.com\/fr\/wp-json\/wp\/v2\/posts"}],"about":[{"href":"https:\/\/www.europesays.com\/fr\/wp-json\/wp\/v2\/types\/post"}],"author":[{"embeddable":true,"href":"https:\/\/www.europesays.com\/fr\/wp-json\/wp\/v2\/users\/2"}],"replies":[{"embeddable":true,"href":"https:\/\/www.europesays.com\/fr\/wp-json\/wp\/v2\/comments?post=96488"}],"version-history":[{"count":0,"href":"https:\/\/www.europesays.com\/fr\/wp-json\/wp\/v2\/posts\/96488\/revisions"}],"wp:featuredmedia":[{"embeddable":true,"href":"https:\/\/www.europesays.com\/fr\/wp-json\/wp\/v2\/media\/96489"}],"wp:attachment":[{"href":"https:\/\/www.europesays.com\/fr\/wp-json\/wp\/v2\/media?parent=96488"}],"wp:term":[{"taxonomy":"category","embeddable":true,"href":"https:\/\/www.europesays.com\/fr\/wp-json\/wp\/v2\/categories?post=96488"},{"taxonomy":"post_tag","embeddable":true,"href":"https:\/\/www.europesays.com\/fr\/wp-json\/wp\/v2\/tags?post=96488"}],"curies":[{"name":"wp","href":"https:\/\/api.w.org\/{rel}","templated":true}]}}