{"id":96502,"date":"2025-05-13T09:48:10","date_gmt":"2025-05-13T09:48:10","guid":{"rendered":"https:\/\/www.europesays.com\/fr\/96502\/"},"modified":"2025-05-13T09:48:10","modified_gmt":"2025-05-13T09:48:10","slug":"hangenbieten-privee-de-fete-il-y-a-5-ans-la-mediatheque-prend-sa-revanche-pour-ses-25-ans","status":"publish","type":"post","link":"https:\/\/www.europesays.com\/fr\/96502\/","title":{"rendered":"Hangenbieten. Priv\u00e9e de f\u00eate il y a 5 ans, la m\u00e9diath\u00e8que prend sa revanche pour ses 25 ans"},"content":{"rendered":"<p class=\"insetTitle\">Le programme<\/p>\n<p><strong>Vendredi 16\u00a0mai<\/strong><\/p>\n<p>\u25b6\u2002\u00e0 20\u200ah\u200a: spectacle \u00ab\u200aLes Rustauds chantent la Guerre des Paysans de 1525\u200a\u00bb au centre culturel, inscription ou caisse du soir.<\/p>\n<p><strong>Samedi 17\u00a0mai<\/strong><\/p>\n<p>\u25b6\u2002de 10\u200ah-12\u200ah\u200a: ateliers cr\u00e9atifs de dessin et de calligraphie, \u00e0 la m\u00e9diath\u00e8que. Sur inscription.<\/p>\n<p>\u25b6\u2002\u00e0 14\u200ah\u200a: inauguration du Chemin de lecture au centre culturel.<\/p>\n<p>\u25b6\u2002\u00e0 15\u200ah\u200a: balade cont\u00e9e au d\u00e9part de la m\u00e9diath\u00e8que, \u00e0 15\u200ah, 15\u200ah\u200a30, 17\u200ah, 17\u200ah\u200a30. Sur inscription.<\/p>\n<p>\u25b6\u2002\u00e0 16\u200ah\u200a: le coin des histoires pour les 3-9 ans, \u00e0 la m\u00e9diath\u00e8que.<\/p>\n<p>\u25b6\u2002\u00e0 partir de 15\u200ah, en continu, au centre culturel\u200a: plusieurs expositions et ateliers (marque-page, jeux de soci\u00e9t\u00e9, capsule temporelle\u2026)\u200a; d\u00e9parts en autonomie avec livret-quizz sur le Chemin de lecture pour un circuit de 35 minutes ou d\u20191\u200ah, cadeaux \u00e0 la clef\u200a! Dernier d\u00e9part \u00e0 16\u200ah\u200a30.<\/p>\n<p class=\"note\">Inscriptions \u00e0 la m\u00e9diath\u00e8que, par t\u00e9l\u00e9phone au 03\u200a88\u200a96\u200a17\u200a20 ou par mail\u200a: mediatheque@<br \/>hangenbieten.fr<\/p>\n","protected":false},"excerpt":{"rendered":"Le programme Vendredi 16\u00a0mai \u25b6\u2002\u00e0 20\u200ah\u200a: spectacle \u00ab\u200aLes Rustauds chantent la Guerre des Paysans de 1525\u200a\u00bb au centre&hellip;\n","protected":false},"author":2,"featured_media":96503,"comment_status":"","ping_status":"","sticky":false,"template":"","format":"standard","meta":{"footnotes":""},"categories":[2820],"tags":[1111,11,2389,2649,1687,2880,1777,674,107,1011,27,775,20545,3035,2410,12,25,640,3089],"class_list":{"0":"post-96502","1":"post","2":"type-post","3":"status-publish","4":"format-standard","5":"has-post-thumbnail","7":"category-strasbourg","8":"tag-actu","9":"tag-actualites","10":"tag-alsace","11":"tag-bas-rhin","12":"tag-culture-loisirs","13":"tag-edition-strasbourg","14":"tag-eu","15":"tag-europe","16":"tag-fil-info","17":"tag-fr","18":"tag-france","19":"tag-grand-est","20":"tag-hangenbieten","21":"tag-la-matinale-strasbourg","22":"tag-livres-bd","23":"tag-news","24":"tag-republique-francaise","25":"tag-strasbourg","26":"tag-strasbourg-sud"},"share_on_mastodon":{"url":"https:\/\/pubeurope.com\/@fr\/114499898852101524","error":""},"_links":{"self":[{"href":"https:\/\/www.europesays.com\/fr\/wp-json\/wp\/v2\/posts\/96502","targetHints":{"allow":["GET"]}}],"collection":[{"href":"https:\/\/www.europesays.com\/fr\/wp-json\/wp\/v2\/posts"}],"about":[{"href":"https:\/\/www.europesays.com\/fr\/wp-json\/wp\/v2\/types\/post"}],"author":[{"embeddable":true,"href":"https:\/\/www.europesays.com\/fr\/wp-json\/wp\/v2\/users\/2"}],"replies":[{"embeddable":true,"href":"https:\/\/www.europesays.com\/fr\/wp-json\/wp\/v2\/comments?post=96502"}],"version-history":[{"count":0,"href":"https:\/\/www.europesays.com\/fr\/wp-json\/wp\/v2\/posts\/96502\/revisions"}],"wp:featuredmedia":[{"embeddable":true,"href":"https:\/\/www.europesays.com\/fr\/wp-json\/wp\/v2\/media\/96503"}],"wp:attachment":[{"href":"https:\/\/www.europesays.com\/fr\/wp-json\/wp\/v2\/media?parent=96502"}],"wp:term":[{"taxonomy":"category","embeddable":true,"href":"https:\/\/www.europesays.com\/fr\/wp-json\/wp\/v2\/categories?post=96502"},{"taxonomy":"post_tag","embeddable":true,"href":"https:\/\/www.europesays.com\/fr\/wp-json\/wp\/v2\/tags?post=96502"}],"curies":[{"name":"wp","href":"https:\/\/api.w.org\/{rel}","templated":true}]}}