{"id":96521,"date":"2025-05-13T09:58:07","date_gmt":"2025-05-13T09:58:07","guid":{"rendered":"https:\/\/www.europesays.com\/fr\/96521\/"},"modified":"2025-05-13T09:58:07","modified_gmt":"2025-05-13T09:58:07","slug":"lidl-ouvre-un-nouveau-supermarche-dans-la-metropole-de-lille-voici-ou-et-quand","status":"publish","type":"post","link":"https:\/\/www.europesays.com\/fr\/96521\/","title":{"rendered":"Lidl ouvre un nouveau supermarch\u00e9 dans la m\u00e9tropole de Lille : voici o\u00f9 et quand"},"content":{"rendered":"<p>            Par<br \/>\n        <strong><br \/>\n            <a href=\"https:\/\/actu.fr\/auteur\/nicolas-demollien\" title=\"Consulter tous les articles de Nicolas Demollien\" target=\"_blank\" rel=\"noopener\">Nicolas Demollien<\/a><br \/>\n        <\/strong><\/p>\n<p>        Publi\u00e9 le<\/p>\n<p>            13 mai 2025 \u00e0 11h52        <\/p>\n<p>L\u2019<b>enseigne<\/b> <a href=\"https:\/\/actu.fr\/tag\/lidl\" target=\"_blank\" rel=\"noopener\">Lidl<\/a> \u00e9tend sa toile dans la m\u00e9tropole de <a href=\"https:\/\/actu.fr\/hauts-de-france\/lille_59350\" target=\"_blank\" rel=\"noopener\">Lille<\/a> (Nord). Le groupe annonce en effet l<b>\u2019ouverture d\u2019un tout nouveau supermarch\u00e9<\/b> ce jeudi 15\u00a0mai 2025 dans l\u2019agglom\u00e9ration de la capitale des Flandres. D\u00e9tails.<\/p>\n<p>Un nouveau magasin Lidl \u00e0 Ronchin, pr\u00e8s de Lille<\/p>\n<p class=\" wall-content\">Ce nouveau magasin ouvrira plus pr\u00e9cis\u00e9ment ses portes au 155, rue Sadi Carnot \u00e0 <a href=\"https:\/\/actu.fr\/hauts-de-france\/ronchin_59507\" target=\"_blank\" rel=\"noopener\">Ronchin<\/a>. L\u2019enseigne le d\u00e9crit comme \u00ab\u2009spacieux et accueillant\u2009\u00bb, proposant \u00ab\u2009des services modernes sur une <b>surface de vente de 995 m\u00b2<\/b>\u00bb. Et d\u2019assurer\u2009: \u00ab\u2009les clients retrouveront un assortiment de 90\u2009% de marques de distributeurs \u00e0 un prix unique.\u2009\u00bb<\/p>\n<p class=\" wall-content\">Pour l\u2019ouverture de ce nouveau commerce, une <b>vingtaine de personnes ont \u00e9t\u00e9 recrut\u00e9es<\/b>, \u00ab\u2009en interne et en externe\u2009\u00bb.<\/p>\n<p class=\" wall-content\">Ce supermarch\u00e9 s\u2019inscrit dans le <b>programme de modernisation<\/b> des infrastructures et la continuit\u00e9 du repositionnement de l\u2019enseigne initi\u00e9s par Lidl il y a une dizaine d\u2019ann\u00e9es. Objectif affich\u00e9\u2009: \u00ab\u2009proposer \u00e0 ses clients un point de vente de proximit\u00e9, plus convivial et plus durable\u2009\u00bb.<\/p>\n<p class=\" wall-content\">Le supermarch\u00e9 Lidl de Ronchin vient s\u2019int\u00e9grer dans une cellule commerciale d\u00e9j\u00e0 existante. \u00ab\u2009Le b\u00e2timent se pare d\u00e9sormais d\u2019une fa\u00e7ade vitr\u00e9e et des mat\u00e9riaux nobles pour offrir davantage de luminosit\u00e9 et cr\u00e9er une ambiance accueillante et chaleureuse\u2009\u00bb, pr\u00e9cise-t-on du c\u00f4t\u00e9 de Lidl.<\/p>\n<p class=\" wall-content\">Avec 1\u2009600 supermarch\u00e9s en France dont 83 implant\u00e9s dans le d\u00e9partement du Nord, l\u2019enseigne affiche une pr\u00e9sence impressionnante. Elle se targue de \u00ab\u2009participer activement \u00e0 la dynamique \u00e9conomique et sociale locale\u2009\u00bb. Elle initie, \u00e0 ce titre, plusieurs d\u00e9marches, \u00e0 l\u2019instar de la collecte solidaire pour le club M\u00e9lantois handball-club. Durant les 4 premiers jours d\u2019ouverture du supermarch\u00e9, 50 centimes seront collect\u00e9s pour chaque passage en caisse sup\u00e9rieur \u00e0 15 euros.<\/p>\n<p class=\" wall-content\">Voici les horaires d\u2019ouverture\u2009: du lundi au samedi de 8\u2009h\u200930 \u00e0 20\u2009h et le dimanche de 8\u2009h\u200930 \u00e0 12\u2009h. Notons que le magasin dispose d\u2019un parking de 174 places, communes \u00e0 la zone commerciale.<\/p>\n<p class=\" wall-content\">Plus d\u2019infos sur l\u2019enseigne sur le site <a href=\"https:\/\/www.lidl.fr\/\" target=\"_blank\" rel=\"noopener\">lidl.fr<\/a>.<\/p>\n<p class=\" wall-content\">Suivez toute l\u2019actualit\u00e9 de vos villes et m\u00e9dias favoris en vous inscrivant \u00e0 <a href=\"https:\/\/moncompte.actu.fr\" title=\"D\u00e9couvez Mon Actu\" rel=\"nofollow noopener\" data-trk=\"{&quot;cta&quot;:{&quot;action&quot;:&quot;https:\\\/\\\/moncompte.actu.fr&quot;,&quot;category&quot;:&quot;mon compte&quot;,&quot;from&quot;:&quot;article footer&quot;,&quot;name&quot;:&quot;Mon actu&quot;,&quot;type&quot;:&quot;cta&quot;}}\" target=\"_blank\">Mon Actu<\/a>.<\/p>\n","protected":false},"excerpt":{"rendered":"Par Nicolas Demollien Publi\u00e9 le 13 mai 2025 \u00e0 11h52 L\u2019enseigne Lidl \u00e9tend sa toile dans la m\u00e9tropole&hellip;\n","protected":false},"author":2,"featured_media":96522,"comment_status":"","ping_status":"","sticky":false,"template":"","format":"standard","meta":{"footnotes":""},"categories":[2815],"tags":[1111,11,1777,674,1011,27,811,18542,1307,12,3147,25,104],"class_list":{"0":"post-96521","1":"post","2":"type-post","3":"status-publish","4":"format-standard","5":"has-post-thumbnail","7":"category-lille","8":"tag-actu","9":"tag-actualites","10":"tag-eu","11":"tag-europe","12":"tag-fr","13":"tag-france","14":"tag-hauts-de-france","15":"tag-lidl","16":"tag-lille","17":"tag-news","18":"tag-nouveaux-commerces","19":"tag-republique-francaise","20":"tag-societe"},"share_on_mastodon":{"url":"https:\/\/pubeurope.com\/@fr\/114499938202795624","error":""},"_links":{"self":[{"href":"https:\/\/www.europesays.com\/fr\/wp-json\/wp\/v2\/posts\/96521","targetHints":{"allow":["GET"]}}],"collection":[{"href":"https:\/\/www.europesays.com\/fr\/wp-json\/wp\/v2\/posts"}],"about":[{"href":"https:\/\/www.europesays.com\/fr\/wp-json\/wp\/v2\/types\/post"}],"author":[{"embeddable":true,"href":"https:\/\/www.europesays.com\/fr\/wp-json\/wp\/v2\/users\/2"}],"replies":[{"embeddable":true,"href":"https:\/\/www.europesays.com\/fr\/wp-json\/wp\/v2\/comments?post=96521"}],"version-history":[{"count":0,"href":"https:\/\/www.europesays.com\/fr\/wp-json\/wp\/v2\/posts\/96521\/revisions"}],"wp:featuredmedia":[{"embeddable":true,"href":"https:\/\/www.europesays.com\/fr\/wp-json\/wp\/v2\/media\/96522"}],"wp:attachment":[{"href":"https:\/\/www.europesays.com\/fr\/wp-json\/wp\/v2\/media?parent=96521"}],"wp:term":[{"taxonomy":"category","embeddable":true,"href":"https:\/\/www.europesays.com\/fr\/wp-json\/wp\/v2\/categories?post=96521"},{"taxonomy":"post_tag","embeddable":true,"href":"https:\/\/www.europesays.com\/fr\/wp-json\/wp\/v2\/tags?post=96521"}],"curies":[{"name":"wp","href":"https:\/\/api.w.org\/{rel}","templated":true}]}}