{"id":96523,"date":"2025-05-13T09:59:10","date_gmt":"2025-05-13T09:59:10","guid":{"rendered":"https:\/\/www.europesays.com\/fr\/96523\/"},"modified":"2025-05-13T09:59:10","modified_gmt":"2025-05-13T09:59:10","slug":"un-groupe-star-des-annees-80-en-concert-gratuit-le-14-juillet","status":"publish","type":"post","link":"https:\/\/www.europesays.com\/fr\/96523\/","title":{"rendered":"un groupe star des ann\u00e9es 80 en concert gratuit le 14 juillet"},"content":{"rendered":"<p>            Par<br \/>\n        <strong><br \/>\n            <a href=\"https:\/\/actu.fr\/auteur\/nicolas-demollien\" title=\"Consulter tous les articles de Nicolas Demollien\" target=\"_blank\" rel=\"noopener\">Nicolas Demollien<\/a><br \/>\n        <\/strong><\/p>\n<p>        Publi\u00e9 le<\/p>\n<p>            13 mai 2025 \u00e0 10h56        <\/p>\n<p>Apr\u00e8s <a href=\"https:\/\/actu.fr\/hauts-de-france\/lille_59350\/ce-groupe-star-des-annees-90-sera-en-concert-gratuit-a-hellemmes-vendredi-14-juillet_59817216.html\" target=\"_blank\" rel=\"noopener\">Manau en 2023<\/a> puis une <a href=\"https:\/\/actu.fr\/hauts-de-france\/lille_59350\/ces-stars-des-annees-90-seront-en-concert-gratuit-a-hellemmes-pour-le-14-juillet_61246342.html\" target=\"_blank\" rel=\"noopener\">pl\u00e9iade de stars des ann\u00e9es 90 en 2024<\/a>, la municipalit\u00e9 d\u2019<a href=\"https:\/\/actu.fr\/tag\/hellemes\" target=\"_blank\" rel=\"noopener\">Hellemmes<\/a> a d\u00e9cid\u00e9 \u00e0 nouveau de frapper fort pour les <b>festivit\u00e9s du 14 juillet<\/b>. En 2025, la ville associ\u00e9e \u00e0 <a href=\"https:\/\/actu.fr\/hauts-de-france\/lille_59350\" target=\"_blank\" rel=\"noopener\">Lille<\/a> (Nord) proposera en effet un <b>concert gratuit<\/b> avec un <b>groupe<\/b> dont les <b>tubes ont fait le tour du monde<\/b> dans les <b>ann\u00e9es 80<\/b>.<\/p>\n<p>Un groupe international star des ann\u00e9es 80 en concert gratuit \u00e0 Hellemmes<\/p>\n<p class=\" wall-content\">C\u2019est en effet le <b>groupe Imagination<\/b> qui sera sur la sc\u00e8ne hellemmoise install\u00e9e sur la place Hentg\u00e8s. Le <b>chanteur \u00e0 la voix charismatique Leee John<\/b> interpr\u00e9tera les plus grands tubes de la formation n\u00e9e \u00e0 Londres, dont <b>\u00ab\u00a0<\/b><b>Just an illusion\u00a0\u00bb<\/b> ou encore <b>\u00ab\u00a0<\/b><b>Music and lights\u00a0\u00bb<\/b>.<\/p>\n<p class=\" wall-content\">De quoi raviver des souvenirs aux plus nostalgiques et ravir les amoureux de cette d\u00e9cennie. La discographie d\u2019Imagination est aussi riche qu\u2019impressionnante avec 30 millions de disques \u00e9coul\u00e9s ! En 2022, Leee John avait c\u00e9l\u00e9br\u00e9 les 40 ans du groupe lors d\u2019un concert exceptionnel sur la sc\u00e8ne de l\u2019<a href=\"https:\/\/actu.fr\/tag\/olympia\" target=\"_blank\" rel=\"noopener\">Olympia \u00e0 Paris<\/a>.<\/p>\n<p>    <a href=\"https:\/\/www.facebook.com\/plugins\/video.php?height=476&amp;href=https%3A%2F%2Fwww.facebook.com%2Fcommunehellemmes%2Fvideos%2F1250608043284888%2F&amp;show_text=false&amp;width=350&amp;t=0\" title=\"Ouvrie le lien\" target=\"_blank\" rel=\"noopener\">Cliquez ici pour visualiser le contenu<\/a><\/p>\n<p class=\" wall-content\">Le 14 juillet 2025, \u00e0 partir de 19h, de nombreux spectateurs devraient profiter de cette grande soir\u00e9e en perspective, qui se conclura par un show laser comme les ann\u00e9es pr\u00e9c\u00e9dentes.<\/p>\n<p>Vid\u00e9os : en ce moment sur Actu<\/p>\n<p class=\" wall-content\">Suivez toute l\u2019actualit\u00e9 de vos villes et m\u00e9dias favoris en vous inscrivant \u00e0 <a href=\"https:\/\/moncompte.actu.fr\" title=\"D\u00e9couvez Mon Actu\" rel=\"nofollow noopener\" data-trk=\"{&quot;cta&quot;:{&quot;action&quot;:&quot;https:\\\/\\\/moncompte.actu.fr&quot;,&quot;category&quot;:&quot;mon compte&quot;,&quot;from&quot;:&quot;article footer&quot;,&quot;name&quot;:&quot;Mon actu&quot;,&quot;type&quot;:&quot;cta&quot;}}\" target=\"_blank\">Mon Actu<\/a>.<\/p>\n","protected":false},"excerpt":{"rendered":"Par Nicolas Demollien Publi\u00e9 le 13 mai 2025 \u00e0 10h56 Apr\u00e8s Manau en 2023 puis une pl\u00e9iade de&hellip;\n","protected":false},"author":2,"featured_media":96524,"comment_status":"","ping_status":"","sticky":false,"template":"","format":"standard","meta":{"footnotes":""},"categories":[2815],"tags":[1111,11,1697,1777,674,1011,27,811,5782,1307,1652,12,25],"class_list":{"0":"post-96523","1":"post","2":"type-post","3":"status-publish","4":"format-standard","5":"has-post-thumbnail","7":"category-lille","8":"tag-actu","9":"tag-actualites","10":"tag-concert","11":"tag-eu","12":"tag-europe","13":"tag-fr","14":"tag-france","15":"tag-hauts-de-france","16":"tag-hellemmes","17":"tag-lille","18":"tag-loisirs-culture","19":"tag-news","20":"tag-republique-francaise"},"share_on_mastodon":{"url":"https:\/\/pubeurope.com\/@fr\/114499942148901416","error":""},"_links":{"self":[{"href":"https:\/\/www.europesays.com\/fr\/wp-json\/wp\/v2\/posts\/96523","targetHints":{"allow":["GET"]}}],"collection":[{"href":"https:\/\/www.europesays.com\/fr\/wp-json\/wp\/v2\/posts"}],"about":[{"href":"https:\/\/www.europesays.com\/fr\/wp-json\/wp\/v2\/types\/post"}],"author":[{"embeddable":true,"href":"https:\/\/www.europesays.com\/fr\/wp-json\/wp\/v2\/users\/2"}],"replies":[{"embeddable":true,"href":"https:\/\/www.europesays.com\/fr\/wp-json\/wp\/v2\/comments?post=96523"}],"version-history":[{"count":0,"href":"https:\/\/www.europesays.com\/fr\/wp-json\/wp\/v2\/posts\/96523\/revisions"}],"wp:featuredmedia":[{"embeddable":true,"href":"https:\/\/www.europesays.com\/fr\/wp-json\/wp\/v2\/media\/96524"}],"wp:attachment":[{"href":"https:\/\/www.europesays.com\/fr\/wp-json\/wp\/v2\/media?parent=96523"}],"wp:term":[{"taxonomy":"category","embeddable":true,"href":"https:\/\/www.europesays.com\/fr\/wp-json\/wp\/v2\/categories?post=96523"},{"taxonomy":"post_tag","embeddable":true,"href":"https:\/\/www.europesays.com\/fr\/wp-json\/wp\/v2\/tags?post=96523"}],"curies":[{"name":"wp","href":"https:\/\/api.w.org\/{rel}","templated":true}]}}