{"id":965239,"date":"2026-05-29T20:37:21","date_gmt":"2026-05-29T20:37:21","guid":{"rendered":"https:\/\/www.europesays.com\/fr\/965239\/"},"modified":"2026-05-29T20:37:21","modified_gmt":"2026-05-29T20:37:21","slug":"top-14-montpellier-avec-billy-vunipola-mais-sans-domingo-miotti-face-a-pau","status":"publish","type":"post","link":"https:\/\/www.europesays.com\/fr\/965239\/","title":{"rendered":"Top 14 : Montpellier avec Billy Vunipola mais sans Domingo Miotti face \u00e0 Pau"},"content":{"rendered":"<p>\n    Le club h\u00e9raultais pourra compter sur son troisi\u00e8me ligne anglais \u00e0 l\u2019occasion de la 25e journ\u00e9e ce samedi.<\/p>\n<p class=\"fig-paragraph\">Le troisi\u00e8me ligne centre anglais de Montpellier, Billy Vunipola, touch\u00e9 au genou gauche vendredi lors de la finale de la Challenge Cup, sera titulaire samedi face \u00e0 Pau. \u00c0 l\u2019inverse, l&rsquo;ouvreur argentin Domingo Miotti, bless\u00e9 \u00e0 une cuisse, ne pourra pas tenir son rang dans une rencontre d\u00e9cisive pour la deuxi\u00e8me place du Top 14, directement qualificative pour les demi-finales.<\/p>\n<p class=\"fig-paragraph\">Assur\u00e9 de sa qualification pour la phase finale, la premi\u00e8re depuis 2022, Montpellier aspire d\u00e9sormais \u00e0 d\u00e9crocher la deuxi\u00e8me place du Top 14 pour se m\u00e9nager une plage de repos dans une fin de saison sans temps mort depuis le 21 mars et sa victoire \u00e0 Clermont (17-20). \u00abOn a l&rsquo;opportunit\u00e9 d&rsquo;\u00eatre deuxi\u00e8me en gagnant deux matches. Il faut qu&rsquo;on y aille maintenant. Il ne faut plus se cacher. On sait que \u00e7a va \u00eatre compliqu\u00e9 mais on pense que c&rsquo;est possible\u00bb, a pr\u00e9venu le manager du MHR, Joan Caudullo.<\/p>\n<p>                                            <a class=\"fig-a11y-skip\" href=\"#fig-a11y-skip-main-inarticle\" is=\"fig-a11y-skip\" data-trigger-mode=\"visible-once\"><br \/>\n    Passer la publicit\u00e9<br \/>\n<\/a>            <\/p>\n<p class=\"fig-paragraph\">Pour r\u00e9cup\u00e9rer Vunipola, qui s&rsquo;est plaint du genou gauche sur un plaquage lors du sacre face \u00e0 l&rsquo;Ulster (59-26) et a \u00e9t\u00e9 remplac\u00e9 \u00abpar s\u00e9curit\u00e9\u00bb \u00e0 la 50e minute, Caudullo et ses adjoints ont \u00abadapt\u00e9 sa semaine de travail pour qu&rsquo;il soit en forme samedi\u00bb. Le buteur argentin Domingo Miotti, touch\u00e9 \u00e0 la cuisse droite face aux Irlandais, est lui contraint au forfait. Le troisi\u00e8me meilleur r\u00e9alisateur du championnat sera remplac\u00e9 par L\u00e9o Coly, demi de m\u00eal\u00e9e de formation. \u00c0 deux journ\u00e9es de la fin de la saison r\u00e9guli\u00e8re, Montpellier compte un pont d&rsquo;avance sur Pau et sur le Stade fran\u00e7ais, qui re\u00e7oit de son c\u00f4t\u00e9 Bayonne samedi.<\/p>\n","protected":false},"excerpt":{"rendered":"Le club h\u00e9raultais pourra compter sur son troisi\u00e8me ligne anglais \u00e0 l\u2019occasion de la 25e journ\u00e9e ce samedi.&hellip;\n","protected":false},"author":2,"featured_media":965240,"comment_status":"","ping_status":"","sticky":false,"template":"","format":"standard","meta":{"footnotes":"","_share_on_mastodon":"0"},"categories":[9599],"tags":[1111,11,525,4590,1981,2313,814,1777,674,1011,27,955,2208,12,2680,4589,2311,25,1980,479,2259,478,2310,2312],"class_list":["post-965239","post","type-post","status-publish","format-standard","has-post-thumbnail","category-montpellier","tag-actu","tag-actualites","tag-calendrier","tag-championnat-france","tag-classement","tag-clermont","tag-direct","tag-eu","tag-europe","tag-fr","tag-france","tag-match","tag-montpellier","tag-news","tag-occitanie","tag-phase-finale","tag-racing","tag-republique-francaise","tag-resultats","tag-rugby","tag-score","tag-top-14","tag-toulon","tag-toulouse"],"share_on_mastodon":{"url":"https:\/\/pubeurope.com\/@fr\/116659791312898771","error":""},"_links":{"self":[{"href":"https:\/\/www.europesays.com\/fr\/wp-json\/wp\/v2\/posts\/965239","targetHints":{"allow":["GET"]}}],"collection":[{"href":"https:\/\/www.europesays.com\/fr\/wp-json\/wp\/v2\/posts"}],"about":[{"href":"https:\/\/www.europesays.com\/fr\/wp-json\/wp\/v2\/types\/post"}],"author":[{"embeddable":true,"href":"https:\/\/www.europesays.com\/fr\/wp-json\/wp\/v2\/users\/2"}],"replies":[{"embeddable":true,"href":"https:\/\/www.europesays.com\/fr\/wp-json\/wp\/v2\/comments?post=965239"}],"version-history":[{"count":0,"href":"https:\/\/www.europesays.com\/fr\/wp-json\/wp\/v2\/posts\/965239\/revisions"}],"wp:featuredmedia":[{"embeddable":true,"href":"https:\/\/www.europesays.com\/fr\/wp-json\/wp\/v2\/media\/965240"}],"wp:attachment":[{"href":"https:\/\/www.europesays.com\/fr\/wp-json\/wp\/v2\/media?parent=965239"}],"wp:term":[{"taxonomy":"category","embeddable":true,"href":"https:\/\/www.europesays.com\/fr\/wp-json\/wp\/v2\/categories?post=965239"},{"taxonomy":"post_tag","embeddable":true,"href":"https:\/\/www.europesays.com\/fr\/wp-json\/wp\/v2\/tags?post=965239"}],"curies":[{"name":"wp","href":"https:\/\/api.w.org\/{rel}","templated":true}]}}