{"id":96525,"date":"2025-05-13T10:00:07","date_gmt":"2025-05-13T10:00:07","guid":{"rendered":"https:\/\/www.europesays.com\/fr\/96525\/"},"modified":"2025-05-13T10:00:07","modified_gmt":"2025-05-13T10:00:07","slug":"voici-ce-quil-se-passe","status":"publish","type":"post","link":"https:\/\/www.europesays.com\/fr\/96525\/","title":{"rendered":"voici ce qu&rsquo;il se passe"},"content":{"rendered":"<p>            Par<br \/>\n        <strong><br \/>\n            <a href=\"https:\/\/actu.fr\/auteur\/thibault-nadal-actu-fr\" title=\"Consulter tous les articles de Thibault Nadal\" rel=\"nofollow noopener\" target=\"_blank\">Thibault Nadal<\/a><br \/>\n        <\/strong><\/p>\n<p>        Publi\u00e9 le<\/p>\n<p>            13 mai 2025 \u00e0 11h14<br \/>\n        ; mis \u00e0 jour le 13 mai 2025 \u00e0 11h36    <\/p>\n<p>MAJ \u00e0 11h35 : la RTM annonce une reprise progressive du trafic sur le T2, mais pas encore sur le T3.<\/p>\n<p class=\" wall-content\">Fin de matin\u00e9e gal\u00e8re dans les transports \u00e0 <a href=\"https:\/\/actu.fr\/marseille\/\" rel=\"nofollow noopener\" target=\"_blank\">Marseille<\/a>. En raison d\u2019une <a href=\"https:\/\/actu.fr\/tag\/manifestations\" rel=\"nofollow noopener\" target=\"_blank\">manifestation<\/a> qui se tient ce mardi 13\u00a0mai 2025 dans le centre, plusieurs stations du <strong>T2<\/strong> ne sont pas desservies, annonce la <a href=\"https:\/\/actu.fr\/tag\/rtm\" rel=\"nofollow noopener\" target=\"_blank\">RTM<\/a> sur <a href=\"https:\/\/www.rtm.fr\/infos-trafic\/1507136577561097478\" rel=\"nofollow noopener\" target=\"_blank\">son site<\/a>.<\/p>\n<p class=\" wall-content\">La manifestation d\u00e9marr\u00e9e \u00e0 10h30 se tient aux R\u00e9form\u00e9s dans le 1er arrondissement. Elle concerne <a href=\"https:\/\/actu.fr\/societe\/appel-a-la-greve-dans-l-education-nationale-mardi-13-mai-l-ecole-de-votre-enfant-sera-t-elle-fermee_62616732.html\" rel=\"nofollow noopener\" target=\"_blank\">les enseignants en gr\u00e8ve<\/a> qui veulent d\u00e9fendre \u00ab\u2009le service public d\u2019\u00e9ducation\u2009\u00bb.<\/p>\n<p>Le T3 \u00e9galement touch\u00e9<\/p>\n<p class=\" wall-content\">Par cons\u00e9quent, <strong>huit stations<\/strong> sont ferm\u00e9es\u2009: Arenc Le Silo, Eurom\u00e9diterran\u00e9e Gant\u00e8s, Joliette, R\u00e9publique Dames, Sadi Carnot, Belsunce Alcazar, Canebi\u00e8re Capucins, Canebi\u00e8re Garibaldi.<\/p>\n<p class=\" wall-content\">La RTM pr\u00e9cise que la \u00ab\u2009ligne circule uniquement entre R\u00e9form\u00e9s Canebi\u00e8re et La Blancarde\u2009\u00bb et qu\u2019elle \u00ab\u2009sera r\u00e9tablie d\u00e8s que les conditions le permettront\u2009\u00bb.<\/p>\n<p class=\" wall-content\">\n<p class=\" wall-content\">Le T3 conna\u00eet \u00e9galement son lot de perturbations avec quatre stations ferm\u00e9es : Rome Davso, Place de Rome, Rome Dragon, Castellane. La ligne circule uniquement entre Arenc Le Silo et Cours Saint-Louis.<\/p>\n<p>Vid\u00e9os : en ce moment sur ActuPlusieurs lignes de bus \u00e9galement d\u00e9vi\u00e9s<\/p>\n<p class=\" wall-content\">Plusieurs lignes de bus sont aussi touch\u00e9es par ces perturbations. Voici les d\u00e9tails\u2009:<\/p>\n<ul class=\" wall-content\">\n<li>Bus 41\u2009: Terminus Vieux Port Ballard d\u00e9plac\u00e9 \u00e0 Castellane.<\/li>\n<li>Bus 54\u2009: service de navettes entre Catalans et crs Pierre Puget et entre M\u00e9tro La Timone et M\u00e9tro P\u00e9rier.<\/li>\n<li>Bus 81\u2009: service de navettes entre M\u00e9tro St Just et M\u00e9tro 5 Avenues et entre Pharo et crs Pierre Puget.<\/li>\n<\/ul>\n<p class=\" wall-content\">Suivez toute l\u2019actualit\u00e9 de vos villes et m\u00e9dias favoris en vous inscrivant \u00e0 <a href=\"https:\/\/moncompte.actu.fr\" title=\"D\u00e9couvez Mon Actu\" rel=\"nofollow noopener\" data-trk=\"{&quot;cta&quot;:{&quot;action&quot;:&quot;https:\\\/\\\/moncompte.actu.fr&quot;,&quot;category&quot;:&quot;mon compte&quot;,&quot;from&quot;:&quot;article footer&quot;,&quot;name&quot;:&quot;Mon actu&quot;,&quot;type&quot;:&quot;cta&quot;}}\" target=\"_blank\">Mon Actu<\/a>.<\/p>\n","protected":false},"excerpt":{"rendered":"Par Thibault Nadal Publi\u00e9 le 13 mai 2025 \u00e0 11h14 ; mis \u00e0 jour le 13 mai 2025&hellip;\n","protected":false},"author":2,"featured_media":96526,"comment_status":"","ping_status":"","sticky":false,"template":"","format":"standard","meta":{"footnotes":""},"categories":[2814],"tags":[1111,11,1777,674,1011,27,1272,884,12,882,25,10783,104],"class_list":{"0":"post-96525","1":"post","2":"type-post","3":"status-publish","4":"format-standard","5":"has-post-thumbnail","7":"category-marseille","8":"tag-actu","9":"tag-actualites","10":"tag-eu","11":"tag-europe","12":"tag-fr","13":"tag-france","14":"tag-manifestations","15":"tag-marseille","16":"tag-news","17":"tag-provence-alpes-cote-dazur","18":"tag-republique-francaise","19":"tag-rtm","20":"tag-societe"},"share_on_mastodon":{"url":"https:\/\/pubeurope.com\/@fr\/114499946002304404","error":""},"_links":{"self":[{"href":"https:\/\/www.europesays.com\/fr\/wp-json\/wp\/v2\/posts\/96525","targetHints":{"allow":["GET"]}}],"collection":[{"href":"https:\/\/www.europesays.com\/fr\/wp-json\/wp\/v2\/posts"}],"about":[{"href":"https:\/\/www.europesays.com\/fr\/wp-json\/wp\/v2\/types\/post"}],"author":[{"embeddable":true,"href":"https:\/\/www.europesays.com\/fr\/wp-json\/wp\/v2\/users\/2"}],"replies":[{"embeddable":true,"href":"https:\/\/www.europesays.com\/fr\/wp-json\/wp\/v2\/comments?post=96525"}],"version-history":[{"count":0,"href":"https:\/\/www.europesays.com\/fr\/wp-json\/wp\/v2\/posts\/96525\/revisions"}],"wp:featuredmedia":[{"embeddable":true,"href":"https:\/\/www.europesays.com\/fr\/wp-json\/wp\/v2\/media\/96526"}],"wp:attachment":[{"href":"https:\/\/www.europesays.com\/fr\/wp-json\/wp\/v2\/media?parent=96525"}],"wp:term":[{"taxonomy":"category","embeddable":true,"href":"https:\/\/www.europesays.com\/fr\/wp-json\/wp\/v2\/categories?post=96525"},{"taxonomy":"post_tag","embeddable":true,"href":"https:\/\/www.europesays.com\/fr\/wp-json\/wp\/v2\/tags?post=96525"}],"curies":[{"name":"wp","href":"https:\/\/api.w.org\/{rel}","templated":true}]}}