{"id":96527,"date":"2025-05-13T10:01:09","date_gmt":"2025-05-13T10:01:09","guid":{"rendered":"https:\/\/www.europesays.com\/fr\/96527\/"},"modified":"2025-05-13T10:01:09","modified_gmt":"2025-05-13T10:01:09","slug":"om-la-statue-de-bernard-tapie-au-stade-velodrome-de-marseille-un-tres-grand-moment","status":"publish","type":"post","link":"https:\/\/www.europesays.com\/fr\/96527\/","title":{"rendered":"OM. La statue de Bernard Tapie au stade V\u00e9lodrome de Marseille : \u00ab\u00a0un tr\u00e8s grand moment\u00a0\u00bb"},"content":{"rendered":"<p>            Par<br \/>\n        <strong><br \/>\n            <a href=\"https:\/\/actu.fr\/auteur\/fabien-binacchi\" title=\"Consulter tous les articles de Fabien Binacchi\" target=\"_blank\" rel=\"noopener\">Fabien Binacchi<\/a><br \/>\n        <\/strong><\/p>\n<p>        Publi\u00e9 le<\/p>\n<p>            13 mai 2025 \u00e0 11h40        <\/p>\n<p>Elle est arriv\u00e9e en convoi exceptionnel, sur un tr\u00e8s long camion. <a href=\"https:\/\/actu.fr\/provence-alpes-cote-d-azur\/marseille_13055\/om-la-statue-de-bernard-tapie-arrive-au-velodrome-de-marseille-dix-huit-mois-de-travail_62577309.html\" target=\"_blank\" rel=\"noopener\">La statue hommage \u00e0 Bernard Tapie<\/a> et au sacre de <a href=\"https:\/\/actu.fr\/tag\/olympique-de-marseille-om\" target=\"_blank\" rel=\"noopener\">l\u2019OM<\/a> en 1993 en Ligue des champions a \u00e9t\u00e9 hiss\u00e9e sur le parvis du stade V\u00e9lodrome (8e) ce mardi 13\u00a0mai 2025, a constat\u00e9 actu Marseille, sur place.<\/p>\n<p class=\" wall-content\">Encore emmitoufl\u00e9e dans une protection, elle ne sera <strong>d\u00e9voil\u00e9e aux yeux du public que ce vendredi 16\u00a0mai<\/strong> \u00e0 l\u2019occasion d\u2019une c\u00e9r\u00e9monie officielle d\u2019inauguration.<\/p>\n<p>Un moment mythique de l\u2019OM<\/p>\n<p class=\" wall-content\">La statue est pos\u00e9e. Denis, fan de l\u2019OM depuis des d\u00e9cennies, passait l\u00e0 par hasard\u2009:<strong> \u00ab\u2009C\u2019est un tr\u00e8s tr\u00e8s grand moment\u2009\u00bb<\/strong> souffle-t-il. Il en a vu des images et pour l\u2019instant, sur le parvis du stade V\u00e9lodrome, on n\u2019en devine que les formes, empaquet\u00e9e sous des protections.<\/p>\n<p class=\" wall-content\">\n<p class=\" wall-content\">Les formes d\u2019un moment absolument mythique pour le club bleu et blanc. LE moment. Le 26\u00a0mai 1993, sur la pelouse du V\u00e9lodrome, lors de c\u00e9l\u00e9brations organis\u00e9es au lendemain de la victoire de l\u2019Olympique de Marseille en Ligue des champions le 26\u00a0mai 1993, le \u00ab\u2009Boss\u2009\u00bb brandit la coupe. Il est port\u00e9 en triomphe par ses joueurs.<\/p>\n<p>      <img   decoding=\"async\" loading=\"lazy\" src=\"https:\/\/www.europesays.com\/fr\/wp-content\/uploads\/2025\/05\/whatsapp-image-2025-05-13-at-113310-960x640.jpeg\" alt=\"La statue de Bernard Tapie est arriv\u00e9e ce mardi 13 mai 2025 au stade V\u00e9lodrome de Marseille. Pour le moment, seuls les crampons sont viisbles.\" width=\"960\" height=\"640\"\/><br \/>\n    Pour le moment, seuls les crampons sont visibles. Le plastique pourrait rester jusqu\u2019au 16\u00a0mai 2025. (\u00a9Fabien Binacchi \/ actu Marseille)Vid\u00e9os : en ce moment sur Actu<\/p>\n<p class=\" wall-content\">Sous les couvertures et le plastique, Fabien Barthez, Basile Boli, Marcel Desailly, Didier Deschamps, Eric Di Meco et Franck Sauz\u00e9e sont immortalis\u00e9s aux c\u00f4t\u00e9s de Bernard Tapie.<\/p>\n<p>Un gros morceau de 3\u00a0tonnes<\/p>\n<p class=\" wall-content\">Pos\u00e9 sur son socle de marbre, qui reprend les noms des \u00ab\u20091000 premiers donateurs et les 1000 ayant r\u00e9alis\u00e9 les plus gros dons\u2009\u00bb, la statue mesure au total 4,5m et affiche plus de 3\u00a0t sur la balance, avait d\u00e9taill\u00e9 \u00e0 actu Marseille l\u2019artiste Jo\u00ebl Vergne. Un tr\u00e8s gros morceau hiss\u00e9 sur l\u2019esplanade du <a href=\"https:\/\/actu.fr\/tag\/stade-velodrome\" target=\"_blank\" rel=\"noopener\">V\u00e9lodrome<\/a> \u00e0 l\u2019aide d\u2019une immense grue de levage.<\/p>\n<p>      <img   decoding=\"async\" loading=\"lazy\" src=\"https:\/\/www.europesays.com\/fr\/wp-content\/uploads\/2025\/05\/tapie-statue-960x640.jpg\" alt=\"Le\" width=\"960\" height=\"640\"\/><br \/>\n    Le sculpteur Jo\u00ebl Vergne ce mercredi 30\u00a0avril devant la statue encore en cours de patine. (\u00a9Document remis \u00e0 actu Marseille \/ Jo\u00ebl Vergne)<\/p>\n<p class=\" wall-content\">Les protections de l\u2019\u0153uvre ne seront enlev\u00e9es ce vendredi 16\u00a0mai \u00e0 l\u2019occasion d\u2019une soir\u00e9e d\u2019inauguration organis\u00e9e notamment en pr\u00e9sence de la famille de Bernard Tapie, des cadres de l\u2019OM et du maire DVG de Marseille, <a href=\"https:\/\/actu.fr\/tag\/benoit-payan\" target=\"_blank\" rel=\"noopener\">Beno\u00eet Payan<\/a>.<\/p>\n<p class=\" wall-content\">\u00c0 cette occasion, <strong>l\u2019\u00e9dile renommera le parvis Jean-Bouin en esplanade Bernard Tapie<\/strong>.<\/p>\n<p class=\" wall-content\">Suivez toute l\u2019actualit\u00e9 de vos villes et m\u00e9dias favoris en vous inscrivant \u00e0 <a href=\"https:\/\/moncompte.actu.fr\" title=\"D\u00e9couvez Mon Actu\" rel=\"nofollow noopener\" data-trk=\"{&quot;cta&quot;:{&quot;action&quot;:&quot;https:\\\/\\\/moncompte.actu.fr&quot;,&quot;category&quot;:&quot;mon compte&quot;,&quot;from&quot;:&quot;article footer&quot;,&quot;name&quot;:&quot;Mon actu&quot;,&quot;type&quot;:&quot;cta&quot;}}\" target=\"_blank\">Mon Actu<\/a>.<\/p>\n","protected":false},"excerpt":{"rendered":"Par Fabien Binacchi Publi\u00e9 le 13 mai 2025 \u00e0 11h40 Elle est arriv\u00e9e en convoi exceptionnel, sur un&hellip;\n","protected":false},"author":2,"featured_media":96528,"comment_status":"","ping_status":"","sticky":false,"template":"","format":"standard","meta":{"footnotes":""},"categories":[2814],"tags":[1111,11,6469,1777,674,1011,27,884,12,2333,882,25,104,1280],"class_list":{"0":"post-96527","1":"post","2":"type-post","3":"status-publish","4":"format-standard","5":"has-post-thumbnail","7":"category-marseille","8":"tag-actu","9":"tag-actualites","10":"tag-benoit-payan","11":"tag-eu","12":"tag-europe","13":"tag-fr","14":"tag-france","15":"tag-marseille","16":"tag-news","17":"tag-olympique-de-marseille-om","18":"tag-provence-alpes-cote-dazur","19":"tag-republique-francaise","20":"tag-societe","21":"tag-stade-velodrome"},"share_on_mastodon":{"url":"https:\/\/pubeurope.com\/@fr\/114499949998697234","error":""},"_links":{"self":[{"href":"https:\/\/www.europesays.com\/fr\/wp-json\/wp\/v2\/posts\/96527","targetHints":{"allow":["GET"]}}],"collection":[{"href":"https:\/\/www.europesays.com\/fr\/wp-json\/wp\/v2\/posts"}],"about":[{"href":"https:\/\/www.europesays.com\/fr\/wp-json\/wp\/v2\/types\/post"}],"author":[{"embeddable":true,"href":"https:\/\/www.europesays.com\/fr\/wp-json\/wp\/v2\/users\/2"}],"replies":[{"embeddable":true,"href":"https:\/\/www.europesays.com\/fr\/wp-json\/wp\/v2\/comments?post=96527"}],"version-history":[{"count":0,"href":"https:\/\/www.europesays.com\/fr\/wp-json\/wp\/v2\/posts\/96527\/revisions"}],"wp:featuredmedia":[{"embeddable":true,"href":"https:\/\/www.europesays.com\/fr\/wp-json\/wp\/v2\/media\/96528"}],"wp:attachment":[{"href":"https:\/\/www.europesays.com\/fr\/wp-json\/wp\/v2\/media?parent=96527"}],"wp:term":[{"taxonomy":"category","embeddable":true,"href":"https:\/\/www.europesays.com\/fr\/wp-json\/wp\/v2\/categories?post=96527"},{"taxonomy":"post_tag","embeddable":true,"href":"https:\/\/www.europesays.com\/fr\/wp-json\/wp\/v2\/tags?post=96527"}],"curies":[{"name":"wp","href":"https:\/\/api.w.org\/{rel}","templated":true}]}}