{"id":965365,"date":"2026-05-29T22:01:13","date_gmt":"2026-05-29T22:01:13","guid":{"rendered":"https:\/\/www.europesays.com\/fr\/965365\/"},"modified":"2026-05-29T22:01:13","modified_gmt":"2026-05-29T22:01:13","slug":"courses-de-roller-balade-artistique-cuisines-du-monde-cinq-idees-de-sorties-autour-de-rennes","status":"publish","type":"post","link":"https:\/\/www.europesays.com\/fr\/965365\/","title":{"rendered":"Courses de roller, balade artistique, cuisines du monde\u2026 Cinq id\u00e9es de sorties autour de Rennes"},"content":{"rendered":"<p>Voici cinq id\u00e9es de sorties \u00e0 <a href=\"https:\/\/www.ouest-france.fr\/bretagne\/rennes-35000\/\" target=\"_self\" rel=\"nofollow noopener\">Rennes<\/a>\u00a0(Ille-et-Vilaine) et ses environs pour le week-end des 30 et 31\u00a0mai 2026.<\/p>\n<p>\u00c0 l\u2019occasion de la 44e \u00e9dition de Rennes sur roulettes, samedi\u00a030 et dimanche 31\u00a0mai 2026, l\u2019\u00e9lite mondiale de la discipline s\u2019affrontera dans les rues de la capitale bretonne. De quoi garantir du spectacle\u00a0! Mais l\u2019\u00e9v\u00e9nement se veut accessible \u00e0 tous. Deux randonn\u00e9es gratuites et sans inscription auront lieu\u00a0: la premi\u00e8re, samedi, \u00e0 partir de 18\u00a0h, est ouverte aux rollers mais aussi aux v\u00e9los, skates, trottinettes\u2026 La seconde, seulement pour les rollers, s\u2019\u00e9lancera dimanche, \u00e0 10\u00a0h\u00a030.<\/p>\n<p>Pendant tout le week-end, le village de l\u2019esplanade Charles-de-Gaulle accueillera un skatepark et&#8230;<\/p>\n","protected":false},"excerpt":{"rendered":"Voici cinq id\u00e9es de sorties \u00e0 Rennes\u00a0(Ille-et-Vilaine) et ses environs pour le week-end des 30 et 31\u00a0mai 2026.&hellip;\n","protected":false},"author":2,"featured_media":965366,"comment_status":"","ping_status":"","sticky":false,"template":"","format":"standard","meta":{"footnotes":"","_share_on_mastodon":"0"},"categories":[2821],"tags":[1111,11,4395,829,26739,4099,12790,1777,674,1011,27,83652,12,9569,87440,584,25,5372,18461,4182],"class_list":["post-965365","post","type-post","status-publish","format-standard","has-post-thumbnail","category-rennes","tag-actu","tag-actualites","tag-betton","tag-bretagne","tag-bruz","tag-cesson-sevigne","tag-chantepie","tag-eu","tag-europe","tag-fr","tag-france","tag-le-rheu","tag-news","tag-pace","tag-parents-enfants","tag-rennes","tag-republique-francaise","tag-saint-gregoire","tag-saint-jacques-de-la-lande","tag-thorigne-fouillard"],"share_on_mastodon":{"url":"https:\/\/pubeurope.com\/@fr\/116660121938065786","error":""},"_links":{"self":[{"href":"https:\/\/www.europesays.com\/fr\/wp-json\/wp\/v2\/posts\/965365","targetHints":{"allow":["GET"]}}],"collection":[{"href":"https:\/\/www.europesays.com\/fr\/wp-json\/wp\/v2\/posts"}],"about":[{"href":"https:\/\/www.europesays.com\/fr\/wp-json\/wp\/v2\/types\/post"}],"author":[{"embeddable":true,"href":"https:\/\/www.europesays.com\/fr\/wp-json\/wp\/v2\/users\/2"}],"replies":[{"embeddable":true,"href":"https:\/\/www.europesays.com\/fr\/wp-json\/wp\/v2\/comments?post=965365"}],"version-history":[{"count":0,"href":"https:\/\/www.europesays.com\/fr\/wp-json\/wp\/v2\/posts\/965365\/revisions"}],"wp:featuredmedia":[{"embeddable":true,"href":"https:\/\/www.europesays.com\/fr\/wp-json\/wp\/v2\/media\/965366"}],"wp:attachment":[{"href":"https:\/\/www.europesays.com\/fr\/wp-json\/wp\/v2\/media?parent=965365"}],"wp:term":[{"taxonomy":"category","embeddable":true,"href":"https:\/\/www.europesays.com\/fr\/wp-json\/wp\/v2\/categories?post=965365"},{"taxonomy":"post_tag","embeddable":true,"href":"https:\/\/www.europesays.com\/fr\/wp-json\/wp\/v2\/tags?post=965365"}],"curies":[{"name":"wp","href":"https:\/\/api.w.org\/{rel}","templated":true}]}}