{"id":96537,"date":"2025-05-13T10:06:08","date_gmt":"2025-05-13T10:06:08","guid":{"rendered":"https:\/\/www.europesays.com\/fr\/96537\/"},"modified":"2025-05-13T10:06:08","modified_gmt":"2025-05-13T10:06:08","slug":"une-habitante-des-yvelines-revoltee","status":"publish","type":"post","link":"https:\/\/www.europesays.com\/fr\/96537\/","title":{"rendered":"une habitante des Yvelines r\u00e9volt\u00e9e"},"content":{"rendered":"<p>            Par<br \/>\n        <strong><br \/>\n            <a href=\"https:\/\/actu.fr\/auteur\/fabien-deze\" title=\"Consulter tous les articles de Fabien Dez\u00e9\" target=\"_blank\" rel=\"noopener\">Fabien Dez\u00e9<\/a><br \/>\n        <\/strong><\/p>\n<p>        Publi\u00e9 le<\/p>\n<p>            13 mai 2025 \u00e0 11h22        <\/p>\n<p>Pas moins de 60\u00a0\u20ac, cela fait cher le trajet en train entre Paris-Saint-Lazare et les Yvelines. Surtout quand on re\u00e7oit une <b>amende<\/b> et qu\u2019on n\u2019a a priori rien \u00e0 se reprocher. C\u2019est en tout cas le sentiment d\u2019\u00c9lise, 26\u00a0ans, une habitante de <a href=\"https:\/\/actu.fr\/ile-de-france\/magnanville_78354\" target=\"_blank\" rel=\"noopener\">Magnanville<\/a>.<\/p>\n<p class=\" wall-content\">Le 18\u00a0avril 2025, vers 18\u2009h, elle s\u2019est vue infliger une amende alors qu\u2019elle rentrait de la capitale, <b>juste avant de descendre<\/b> du train en gare de <a href=\"https:\/\/actu.fr\/ile-de-france\/mantes-la-jolie_78361\" target=\"_blank\" rel=\"noopener\">Mantes-la-Jolie<\/a> (<a href=\"https:\/\/www.transilien.com\/fr\/page-lignes\/ligne-j\" target=\"_blank\" rel=\"noopener\">ligne J<\/a>). Le motif\u2009: souillure du si\u00e8ge.<\/p>\n<p>\u00ab\u2009En plus, mes chaussures \u00e9taient propres\u2009\u00bb<\/p>\n<p class=\" wall-content\">\u00ab\u2009J\u2019avais les jambes crois\u00e9es et une de mes semelles effleurait le dessus du si\u00e8ge, explique la professeure de danse, qui donnait ce jour-l\u00e0 un cours \u00e0 Paris. C\u2019\u00e9tait<b> involontaire<\/b>.\u2009\u00bb<\/p>\n<blockquote class=\"ac-article-quote wall-content\">\n<p>\u00ab\u2009Ce n\u2019est pas comme si j\u2019avais pos\u00e9 mes deux pieds d\u00e9lib\u00e9r\u00e9ment sur le si\u00e8ge. En plus, mes chaussures \u00e9taient propres.\u2009\u00bb<\/p>\n<p>\u00c9lise, passag\u00e8re du train verbalis\u00e9e<\/p><\/blockquote>\n<p>Elle ne compte pas en rester l\u00e0<\/p>\n<p class=\" wall-content\">Ne voulant pas faire de scandale, \u00c9lise a accept\u00e9 de payer l\u2019amende r\u00e9clam\u00e9e par les contr\u00f4leurs. Mais elle ne compte pas en rester l\u00e0. \u00ab\u2009J\u2019exige un remboursement. J\u2019ai fait une <b>r\u00e9clamation <\/b>\u00e0 la SNCF sur le site <a href=\"https:\/\/actu.fr\/?s=Transilien\" target=\"_blank\" rel=\"noopener\">Transilien<\/a> et je suis entr\u00e9 en contact avec une m\u00e9diatrice.\u2009\u00bb<\/p>\n<blockquote class=\"ac-article-quote wall-content\">\n<p>\u00ab\u2009Pour l\u2019instant, ils ne veulent pas me rembourser, car seule la mat\u00e9rialit\u00e9 de l\u2019infraction est prise en compte.\u2009\u00bb<\/p>\n<p>\u00c9lise, passag\u00e8re du train verbalis\u00e9e<\/p><\/blockquote>\n<p>Vid\u00e9os : en ce moment sur ActuDeux poids, deux mesures\u2009?<\/p>\n<p class=\" wall-content\">\u00c9lise regrette \u00e9galement qu\u2019il y ait deux poids, deux mesures dans la fa\u00e7on de verbaliser les usagers. \u00ab\u2009La veille, <b>une personne fumait un joint<\/b> dans le fond du wagon, cela incommodait tout le monde. Quand le contr\u00f4leur est pass\u00e9, il a mis le joint dans sa poche et n\u2019a pas \u00e9t\u00e9 verbalis\u00e9.\u2009\u00bb<\/p>\n<p class=\" wall-content\">\u00ab\u2009Moi, on a attendu que je sois seule dans le wagon pour me donner l\u2019amende. Il y a des fraudeurs et des escrocs qui circulent en toute impunit\u00e9 sans \u00eatre inqui\u00e9t\u00e9s et moi, qui a du mal \u00e0 joindre les deux bouts, je re\u00e7ois une amende injustifi\u00e9e. C\u2019est une <b>injustice<\/b>\u2009!\u2009\u00bb<\/p>\n<p class=\" wall-content\">Contact\u00e9 par 78 actu, <b>SNCF R\u00e9seau<\/b> n\u2019a pas donn\u00e9 suite, \u00e0 cette heure, \u00e0 notre demande d\u2019explication.<\/p>\n<p class=\" wall-content\">Suivez toute l\u2019actualit\u00e9 de vos villes et m\u00e9dias favoris en vous inscrivant \u00e0 <a href=\"https:\/\/moncompte.actu.fr\" title=\"D\u00e9couvez Mon Actu\" rel=\"nofollow noopener\" data-trk=\"{&quot;cta&quot;:{&quot;action&quot;:&quot;https:\\\/\\\/moncompte.actu.fr&quot;,&quot;category&quot;:&quot;mon compte&quot;,&quot;from&quot;:&quot;article footer&quot;,&quot;name&quot;:&quot;Mon actu&quot;,&quot;type&quot;:&quot;cta&quot;}}\" target=\"_blank\">Mon Actu<\/a>.<\/p>\n","protected":false},"excerpt":{"rendered":"Par Fabien Dez\u00e9 Publi\u00e9 le 13 mai 2025 \u00e0 11h22 Pas moins de 60\u00a0\u20ac, cela fait cher le&hellip;\n","protected":false},"author":2,"featured_media":96538,"comment_status":"","ping_status":"","sticky":false,"template":"","format":"standard","meta":{"footnotes":""},"categories":[1888],"tags":[1111,1928,11,1927,7622,1777,674,1011,27,21005,12,1926,626,1925,25,104,2803],"class_list":{"0":"post-96537","1":"post","2":"type-post","3":"status-publish","4":"format-standard","5":"has-post-thumbnail","7":"category-paris","8":"tag-actu","9":"tag-actu-paris","10":"tag-actualites","11":"tag-actualites-paris","12":"tag-amendes","13":"tag-eu","14":"tag-europe","15":"tag-fr","16":"tag-france","17":"tag-ligne-j","18":"tag-news","19":"tag-news-paris","20":"tag-paris","21":"tag-paris-news","22":"tag-republique-francaise","23":"tag-societe","24":"tag-transport"},"share_on_mastodon":{"url":"https:\/\/pubeurope.com\/@fr\/114499969808830674","error":""},"_links":{"self":[{"href":"https:\/\/www.europesays.com\/fr\/wp-json\/wp\/v2\/posts\/96537","targetHints":{"allow":["GET"]}}],"collection":[{"href":"https:\/\/www.europesays.com\/fr\/wp-json\/wp\/v2\/posts"}],"about":[{"href":"https:\/\/www.europesays.com\/fr\/wp-json\/wp\/v2\/types\/post"}],"author":[{"embeddable":true,"href":"https:\/\/www.europesays.com\/fr\/wp-json\/wp\/v2\/users\/2"}],"replies":[{"embeddable":true,"href":"https:\/\/www.europesays.com\/fr\/wp-json\/wp\/v2\/comments?post=96537"}],"version-history":[{"count":0,"href":"https:\/\/www.europesays.com\/fr\/wp-json\/wp\/v2\/posts\/96537\/revisions"}],"wp:featuredmedia":[{"embeddable":true,"href":"https:\/\/www.europesays.com\/fr\/wp-json\/wp\/v2\/media\/96538"}],"wp:attachment":[{"href":"https:\/\/www.europesays.com\/fr\/wp-json\/wp\/v2\/media?parent=96537"}],"wp:term":[{"taxonomy":"category","embeddable":true,"href":"https:\/\/www.europesays.com\/fr\/wp-json\/wp\/v2\/categories?post=96537"},{"taxonomy":"post_tag","embeddable":true,"href":"https:\/\/www.europesays.com\/fr\/wp-json\/wp\/v2\/tags?post=96537"}],"curies":[{"name":"wp","href":"https:\/\/api.w.org\/{rel}","templated":true}]}}