{"id":96566,"date":"2025-05-13T10:23:08","date_gmt":"2025-05-13T10:23:08","guid":{"rendered":"https:\/\/www.europesays.com\/fr\/96566\/"},"modified":"2025-05-13T10:23:08","modified_gmt":"2025-05-13T10:23:08","slug":"atp-rome-berrettini-tres-inquiet-avant-roland-garros-jespere-que-je-me-suis-arrete-a-temps","status":"publish","type":"post","link":"https:\/\/www.europesays.com\/fr\/96566\/","title":{"rendered":"ATP &#8211; Rome > Berrettini tr\u00e8s inquiet avant Roland-Garros : \u00ab\u00a0J\u2019esp\u00e8re que je me suis\u00a0arr\u00eat\u00e9\u00a0\u00e0\u00a0temps\u00a0\u00bb"},"content":{"rendered":"<p>Pas \u00e9pargn\u00e9 par son physique depuis 2022, Matteo Berrettini doit constam\u00adment composer avec les rechutes et les retours \u00e0 la comp\u00e9tition.<\/p>\n<p>Comme \u00e0 Madrid, le fina\u00adliste de Wimbledon 2021 a d\u00fb aban\u00addonner au Masters 1000 de Rome, face \u00e0 Casper Ruud au troi\u00adsi\u00e8me tour. \u00c0 l\u2019\u00e9couter, il se fait de s\u00e9rieux soucis, \u00e0 moins de deux semaines de Roland\u2010Garros.<\/p>\n<p><strong>\u00ab\u202fQuand je me suis r\u00e9veill\u00e9 aujourd\u2019hui, j\u2019ai ressenti une petite compli\u00adca\u00adtion. Cependant, je devais jouer dans la ville et le tournoi que j\u2019aime tant. Jusqu\u2019\u00e0 dix minutes avant le match, j\u2019ai cru que je n\u2019y arri\u00adve\u00adrais pas. Mais j\u2019ai voulu tenter ma chance. J\u2019ai \u00e9t\u00e9 surpris par la r\u00e9ac\u00adtion de mon corps \u00e0 un moment donn\u00e9. Pourtant, j\u2019ai ressenti une nouvelle crampe \u00e0 la fin du premier set. Cela a marqu\u00e9 la fin du match, car je ne pouvais pas conti\u00adnuer. Malheureusement, cela s\u2019est termin\u00e9 par un nouvel abandon. Rome \u00e9tait l\u2019un de mes objec\u00adtifs et je ne voulais pas quitter le court avant la fin. Cependant, je savais que je risquais un processus fami\u00adlier de trois mois sans jouer et de lutter contre la douleur \u00e0 chaque fois que j\u2019\u00e9ter\u00adnuais. Je ne voulais pas revivre cela, et j\u2019es\u00adp\u00e8re que je me suis arr\u00eat\u00e9\u00a0\u00e0\u00a0temps\u202f\u00bb<\/strong>, a comment\u00e9 le 30e joueur mondial, dans des propos rapport\u00e9s par <a href=\"https:\/\/tennisuptodate.com\/atp\/i-felt-a-minor-complication-matteo-berrettini-explains-feelings-after-retiring-in-tears-from-rome-open-because-of-injury?twit=728\" data-wpel-link=\"external\" target=\"_blank\" rel=\"nofollow external noopener\">TennisUpToDate<\/a>.<\/p>\n<p class=\"post-published-date\" style=\"color: silver; font-size: 75%; text-align: left;\">Publi\u00e9 le mardi 13 mai 2025 \u00e0 10:50<\/p>\n","protected":false},"excerpt":{"rendered":"Pas \u00e9pargn\u00e9 par son physique depuis 2022, Matteo Berrettini doit constam\u00adment composer avec les rechutes et les retours&hellip;\n","protected":false},"author":2,"featured_media":96567,"comment_status":"","ping_status":"","sticky":false,"template":"","format":"standard","meta":{"footnotes":""},"categories":[1415],"tags":[5795,1011,27,60,1467],"class_list":{"0":"post-96566","1":"post","2":"type-post","3":"status-publish","4":"format-standard","5":"has-post-thumbnail","7":"category-tennis","8":"tag-berrettini","9":"tag-fr","10":"tag-france","11":"tag-sports","12":"tag-tennis"},"share_on_mastodon":{"url":"https:\/\/pubeurope.com\/@fr\/114500036408335331","error":""},"_links":{"self":[{"href":"https:\/\/www.europesays.com\/fr\/wp-json\/wp\/v2\/posts\/96566","targetHints":{"allow":["GET"]}}],"collection":[{"href":"https:\/\/www.europesays.com\/fr\/wp-json\/wp\/v2\/posts"}],"about":[{"href":"https:\/\/www.europesays.com\/fr\/wp-json\/wp\/v2\/types\/post"}],"author":[{"embeddable":true,"href":"https:\/\/www.europesays.com\/fr\/wp-json\/wp\/v2\/users\/2"}],"replies":[{"embeddable":true,"href":"https:\/\/www.europesays.com\/fr\/wp-json\/wp\/v2\/comments?post=96566"}],"version-history":[{"count":0,"href":"https:\/\/www.europesays.com\/fr\/wp-json\/wp\/v2\/posts\/96566\/revisions"}],"wp:featuredmedia":[{"embeddable":true,"href":"https:\/\/www.europesays.com\/fr\/wp-json\/wp\/v2\/media\/96567"}],"wp:attachment":[{"href":"https:\/\/www.europesays.com\/fr\/wp-json\/wp\/v2\/media?parent=96566"}],"wp:term":[{"taxonomy":"category","embeddable":true,"href":"https:\/\/www.europesays.com\/fr\/wp-json\/wp\/v2\/categories?post=96566"},{"taxonomy":"post_tag","embeddable":true,"href":"https:\/\/www.europesays.com\/fr\/wp-json\/wp\/v2\/tags?post=96566"}],"curies":[{"name":"wp","href":"https:\/\/api.w.org\/{rel}","templated":true}]}}