{"id":96582,"date":"2025-05-13T10:32:14","date_gmt":"2025-05-13T10:32:14","guid":{"rendered":"https:\/\/www.europesays.com\/fr\/96582\/"},"modified":"2025-05-13T10:32:14","modified_gmt":"2025-05-13T10:32:14","slug":"surprise-apres-les-traitres-francis-huster-va-animer-une-emission-sur-m6","status":"publish","type":"post","link":"https:\/\/www.europesays.com\/fr\/96582\/","title":{"rendered":"Surprise ! Apr\u00e8s Les Tra\u00eetres, Francis Huster va animer une \u00e9mission sur M6 !"},"content":{"rendered":"<p>Tr\u00e8s remarqu\u00e9 dans la derni\u00e8re saison des Tra\u00eetres sur M6, Francis Huster prendra prochainement les commandes d&rsquo;un nouveau jeu, Murder Party, qui r\u00e9unira sur la cha\u00eene sept c\u00e9l\u00e9brit\u00e9s dans le cadre majestueux du Mus\u00e9um national d&rsquo;histoire naturelle de Paris. D\u00e9couvrez le concept et le casting.<\/p>\n<p>Francis Huster prend go\u00fbt aux enqu\u00eates. Comme l&rsquo;annonce M6 aupr\u00e8s de nos confr\u00e8res du <a href=\"https:\/\/www.leparisien.fr\/culture-loisirs\/tv\/le-jeu-denquete-murder-party-au-musee-sur-m-6-sera-presente-par-francis-huster-13-05-2025-5JYIAKUITBDIJDCMUVPBA4U7BI.php\" target=\"_blank\" rel=\"noopener\">Parisien<\/a> ce mardi, le com\u00e9dien de 77 ans a \u00e9t\u00e9 choisi par la cha\u00eene pour pr\u00e9senter son prochain jeu \u00e9v\u00e9nement : Murder Party. Les t\u00e9l\u00e9spectateurs de la Six l&rsquo;ont d\u00e9couvert ces derni\u00e8res semaines<a href=\"https:\/\/www.programme-tv.net\/news\/tv\/376721-des-gens-ont-failli-se-taper-sur-la-gueule-francis-huster-les-traitres-balance-sur-l-ambiance-pendant-la-saison\/\" data-api-deeplink=\"teleloisirs:\/\/news\/376721\" target=\"_blank\" rel=\"noopener\"> dans la saison 4 des Tra\u00eetres<\/a>, o\u00f9<a href=\"https:\/\/www.programme-tv.net\/news\/tv\/377931-il-perturbait-le-jeu-raquel-garrido-les-traitres-se-confie-sur-les-tensions-avec-francis-huster\/\" data-api-deeplink=\"teleloisirs:\/\/news\/377931\" target=\"_blank\" rel=\"noopener\"> il s&rsquo;est distingu\u00e9 par son excentrique mani\u00e8re d&rsquo;enqu\u00eater <\/a>pour tenter d&rsquo;identifier les tra\u00eetres cach\u00e9s parmi les 20 personnalit\u00e9s. Dans Murder Party, adaptation du format Party to Die For, d\u00e9j\u00e0 adapt\u00e9 dans plusieurs pays, <b>Francis Huster sera donc cette fois le ma\u00eetre du jeu et sera une nouvelle fois entour\u00e9 de personnalit\u00e9s<\/b>.<\/p>\n<p>Murder Party sur M6 : quel est le concept de ce nouveau jeu et qui sont les c\u00e9l\u00e9brit\u00e9s au casting ?<\/p>\n<p>Ont r\u00e9pondu pr\u00e9sent pour cette premi\u00e8re saison qui sera tourn\u00e9e dans le cadre du Mus\u00e9um national d&rsquo;histoire naturelle de Paris : <b>Fran\u00e7ois Berl\u00e9and, Natasha St-Pier, Lola Dubini, Michel Sarran, Rayane Bensetti, Roman Doduik et Diane Leyre (<\/b><a href=\"https:\/\/www.programme-tv.net\/news\/people\/352132-diane-leyre-miss-france-2022-revient-sur-les-critiques-qu-elle-a-recues-sur-sa-prise-de-poids-c-est-super-dur-a-encaisser\/\" data-api-deeplink=\"teleloisirs:\/\/news\/352132\" target=\"_blank\" rel=\"noopener\"><b>Miss France 2022<\/b><\/a><b>)<\/b>. Le concept est simple. Au cours d&rsquo;une soir\u00e9e r\u00e9unissant tout ce beau monde, un crime (fictif, est-il besoin de le pr\u00e9ciser&#8230;) va \u00eatre commis. Et le coupable se trouve parmi les invit\u00e9s. Charge \u00e0 chacun d&rsquo;identifier qui est le criminel en r\u00e9coltant des indices gr\u00e2ce \u00e0 des \u00e9preuves \u00e0 mener en solo, en duo ou en \u00e9quipes. \u00c0 la cl\u00e9, 10 000 euros au profit d&rsquo;une association pour l&rsquo;enqu\u00eateur qui aura d\u00e9masqu\u00e9 le tueur ou, a contrario, cette somme sera vers\u00e9e au tueur qui aura r\u00e9ussi \u00e0 passer entre les mailles du filet.<\/p>\n<p>                        Pourquoi Francis Huster (Les Tra\u00eetres) a \u00e9t\u00e9 choisi pour pr\u00e9senter Murder Party, le nouveau jeu de M6 ?<\/p>\n<p>Malgr\u00e9 le pitch de d\u00e9part, M6 destine Murder Party \u00e0 un public familial. \u00ab\u00a0C\u2019est un concept dans l\u2019air du temps, qui rappelle un c\u00e9l\u00e8bre jeu d\u2019enqu\u00eate mais avec une vraie mise en sc\u00e8ne, de l\u2019humour et du suspense\u00a0\u00bb, salue Pierre Guillaume Ledan, le directeur g\u00e9n\u00e9ral adjoint des programmes de flux du groupe M6. Et le choix de Francis Huster s&rsquo;est impos\u00e9 naturellement selon lui : \u00ab\u00a0I<b>l nous fallait une figure \u00e0 la fois charismatique, famili\u00e8re du public<\/b> et capable de jouer avec les codes du myst\u00e8re\u2026\u00a0\u00bb. Aucune date de diffusion n&rsquo;a pour l&rsquo;heure \u00e9t\u00e9 \u00e9voqu\u00e9e.<\/p>\n","protected":false},"excerpt":{"rendered":"Tr\u00e8s remarqu\u00e9 dans la derni\u00e8re saison des Tra\u00eetres sur M6, Francis Huster prendra prochainement les commandes d&rsquo;un nouveau&hellip;\n","protected":false},"author":2,"featured_media":96583,"comment_status":"","ping_status":"","sticky":false,"template":"","format":"standard","meta":{"footnotes":""},"categories":[1356],"tags":[244,58,59,1011,27,1195,1383,494,252,1364,1630],"class_list":{"0":"post-96582","1":"post","2":"type-post","3":"status-publish","4":"format-standard","5":"has-post-thumbnail","7":"category-television","8":"tag-commentaire","9":"tag-divertissement","10":"tag-entertainment","11":"tag-fr","12":"tag-france","13":"tag-francis-huster","14":"tag-les-trau00eetres","15":"tag-m6","16":"tag-television","17":"tag-tv","18":"tag-zapping"},"share_on_mastodon":{"url":"https:\/\/pubeurope.com\/@fr\/114500071851854484","error":""},"_links":{"self":[{"href":"https:\/\/www.europesays.com\/fr\/wp-json\/wp\/v2\/posts\/96582","targetHints":{"allow":["GET"]}}],"collection":[{"href":"https:\/\/www.europesays.com\/fr\/wp-json\/wp\/v2\/posts"}],"about":[{"href":"https:\/\/www.europesays.com\/fr\/wp-json\/wp\/v2\/types\/post"}],"author":[{"embeddable":true,"href":"https:\/\/www.europesays.com\/fr\/wp-json\/wp\/v2\/users\/2"}],"replies":[{"embeddable":true,"href":"https:\/\/www.europesays.com\/fr\/wp-json\/wp\/v2\/comments?post=96582"}],"version-history":[{"count":0,"href":"https:\/\/www.europesays.com\/fr\/wp-json\/wp\/v2\/posts\/96582\/revisions"}],"wp:featuredmedia":[{"embeddable":true,"href":"https:\/\/www.europesays.com\/fr\/wp-json\/wp\/v2\/media\/96583"}],"wp:attachment":[{"href":"https:\/\/www.europesays.com\/fr\/wp-json\/wp\/v2\/media?parent=96582"}],"wp:term":[{"taxonomy":"category","embeddable":true,"href":"https:\/\/www.europesays.com\/fr\/wp-json\/wp\/v2\/categories?post=96582"},{"taxonomy":"post_tag","embeddable":true,"href":"https:\/\/www.europesays.com\/fr\/wp-json\/wp\/v2\/tags?post=96582"}],"curies":[{"name":"wp","href":"https:\/\/api.w.org\/{rel}","templated":true}]}}