{"id":96584,"date":"2025-05-13T10:33:12","date_gmt":"2025-05-13T10:33:12","guid":{"rendered":"https:\/\/www.europesays.com\/fr\/96584\/"},"modified":"2025-05-13T10:33:12","modified_gmt":"2025-05-13T10:33:12","slug":"une-helena-rayonnante-a-mis-le-feu-a-lancienne-belgique-pour-son-premier-concert-solo-devant-le-public-belge","status":"publish","type":"post","link":"https:\/\/www.europesays.com\/fr\/96584\/","title":{"rendered":"Une Helena rayonnante a mis le feu \u00e0 l&rsquo;Ancienne Belgique pour son premier concert solo devant le public belge"},"content":{"rendered":"<p><img loading=\"lazy\" decoding=\"async\" class=\"w-full lazyload lazyload--opacity object-contain\" style=\"aspect-ratio:150 \/ 100;opacity:1\" alt=\"Helena en concert \u00e0 l'Ancienne Belgique\" width=\"768\" height=\"512\" fetchpriority=\"auto\" src=\"https:\/\/www.europesays.com\/fr\/wp-content\/uploads\/2025\/04\/1743933249_335_S5VKD3X55FFF3BW6V4SEHXNP7I.png\"  data- data-optimumx=\"1\"\/>Helena en concert \u00e0 l&rsquo;Ancienne Belgique \u00a9Jean Luc Flemal<img loading=\"lazy\" decoding=\"async\" class=\"w-full lazyload lazyload--opacity object-contain\" style=\"aspect-ratio:150 \/ 100;opacity:1\" alt=\"Helena en concert \u00e0 l'Ancienne Belgique\" width=\"768\" height=\"512\" fetchpriority=\"auto\" src=\"https:\/\/www.europesays.com\/fr\/wp-content\/uploads\/2025\/04\/1743933249_335_S5VKD3X55FFF3BW6V4SEHXNP7I.png\"  data- data-optimumx=\"1\"\/>Helena en concert \u00e0 l&rsquo;Ancienne Belgique \u00a9Jean Luc FlemalDes larmes d&rsquo;\u00e9motion<\/p>\n<p class=\"ap-StoryElement ap-StoryElement--mb ap-StoryText\">Pour ce H\u00e9l\u00e9 Tour lanc\u00e9 le 23\u00a0avril \u00e0 Forges-les-Eaux, en France, Helena a fait un choix simple et brillant\u00a0: rester fid\u00e8le \u00e0 elle-m\u00eame. Une sc\u00e9nographie \u00e9pur\u00e9e, quatre musiciens solides (guitare, basse, claviers, batterie), pas de danseurs, pas d&rsquo;invit\u00e9s, pas de chor\u00e9graphies clinquantes. Juste une performance nuanc\u00e9e, sinc\u00e8re, et une musicalit\u00e9 soign\u00e9e. On s&rsquo;y attendait, mais peut-\u00eatre pas si t\u00f4t\u00a0: d\u00e8s le premier morceau, l&rsquo;autobiographique Mon piano et moi, Helena fond en larmes, submerg\u00e9e par l&rsquo;\u00e9motion. Le public \u2013 majoritairement f\u00e9minin (\u00e0 la louche, 75\u00a0% de filles et 25\u00a0% de mecs), la famille au balcon, la symbolique et l&rsquo;acoustique mythique de cette salle bruxelloise\u2026 difficile de contenir cette vague lacrymale.<\/p>\n<p>Ang\u00e8le et Coldplay<\/p>\n<p class=\"ap-StoryElement ap-StoryElement--mb ap-StoryText\">La setlist ne r\u00e9serve pas de surprises\u00a0: l&rsquo;album y passe en entier, mais le concert est pens\u00e9 comme un v\u00e9ritable rollercoaster H\u00e9l\u00e9 alternant ballades intimistes et chansons pop up-tempo, ponctu\u00e9es de jolis solos de guitare qui ajoutent une touche rock bienvenue Nouveau C\u0153ur (sorti uniquement en single) est hyper efficace et l&rsquo;ambiance monte encore d&rsquo;un cran quand Helena et ses gar\u00e7ons encha\u00eenent avec l&rsquo;efficace Melatonine, son titre pr\u00e9f\u00e9r\u00e9 de l&rsquo;album. Les tubes arrivent en seconde partie de concert\u00a0: l&rsquo;imparable Mauvais Gar\u00e7on, son antith\u00e8se Gentil gar\u00e7on, l&rsquo;euphorique Tout g\u00e2cher et, en premier (faux) rappel son hymne d\u00e9complex\u00e9 aux kilos en trop Summer body.<\/p>\n<p class=\"ap-StoryElement ap-StoryElement--mb ap-StoryText\">La reprise de Taxi d&rsquo;Ang\u00e8le est choisie \u00e0 l&rsquo;applaudim\u00e8tre, Yellow de Coldplay est demand\u00e9 au t\u00e9l\u00e9phone par papa et toute l&rsquo;assistance est pri\u00e9e de s&rsquo;asseoir lorsque la chanteuse vient au milieu de la salle pour interpr\u00e9ter Boule au ventre, un titre poignant sur l&rsquo;anxi\u00e9t\u00e9 et le doute, \u00e9chos d&rsquo;une g\u00e9n\u00e9ration en qu\u00eate de rep\u00e8res. La sienne\u2026<\/p>\n<p><img loading=\"lazy\" decoding=\"async\" class=\"w-full lazyload lazyload--opacity object-contain\" style=\"aspect-ratio:150 \/ 100;opacity:1\" alt=\"Helena en concert \u00e0 l'Ancienne Belgique\" width=\"768\" height=\"512\" fetchpriority=\"auto\" src=\"https:\/\/www.europesays.com\/fr\/wp-content\/uploads\/2025\/04\/1743933249_335_S5VKD3X55FFF3BW6V4SEHXNP7I.png\"  data- data-optimumx=\"1\"\/>Helena en concert \u00e0 l&rsquo;Ancienne Belgique \u00a9Jean Luc Flemal<img loading=\"lazy\" decoding=\"async\" class=\"w-full lazyload lazyload--opacity object-contain\" style=\"aspect-ratio:150 \/ 100;opacity:1\" alt=\"Helena en concert \u00e0 l'Ancienne Belgique\" width=\"768\" height=\"512\" fetchpriority=\"auto\" src=\"https:\/\/www.europesays.com\/fr\/wp-content\/uploads\/2025\/04\/1743933249_335_S5VKD3X55FFF3BW6V4SEHXNP7I.png\"  data- data-optimumx=\"1\"\/>Helena en concert \u00e0 l&rsquo;Ancienne Belgique \u00a9Jean Luc FlemalElle rit et elle vit<\/p>\n<p class=\"ap-StoryElement ap-StoryElement--mb ap-StoryText\">Helena joue (un peu) du piano, elle chante sans jamais donner l&rsquo;impression de forcer sa voix, elle bouge, elle rit, elle vit\u2026 Et son enthousiasme est contagieux. G\u00e9n\u00e9reuse dans sa performance\u00a0; simple et touchante dans ses mots adress\u00e9s au public, elle s&rsquo;impose comme l&rsquo;artiste belge du moment. Sans discussion. Et la suite de la tourn\u00e9e s&rsquo;annonce br\u00fblante.<\/p>\n<p class=\"ap-StoryElement ap-StoryElement--mb ap-StoryText\">5\/6 Ancienne Belgique (complet). 8 et 9\/12 Forest National (complet). 10\/4, Forest National.<\/p>\n<p class=\"ap-StoryElement ap-StoryElement--mb ap-StoryText\">2\/8, Ronqui\u00e8res Festival. 23\/8, Solidarit\u00e9s, Namur.<\/p>\n<p><img loading=\"lazy\" decoding=\"async\" class=\"w-full lazyload lazyload--opacity object-contain\" style=\"aspect-ratio:150 \/ 100;opacity:1\" alt=\"Helena en concert \u00e0 l'Ancienne Belgique\" width=\"768\" height=\"512\" fetchpriority=\"auto\" src=\"https:\/\/www.europesays.com\/fr\/wp-content\/uploads\/2025\/04\/1743933249_335_S5VKD3X55FFF3BW6V4SEHXNP7I.png\"  data- data-optimumx=\"1\"\/>Helena en concert \u00e0 l&rsquo;Ancienne Belgique \u00a9Jean Luc Flemal<img loading=\"lazy\" decoding=\"async\" class=\"w-full lazyload lazyload--opacity object-contain\" style=\"aspect-ratio:150 \/ 100;opacity:1\" alt=\"Helena en concert \u00e0 l'Ancienne Belgique\" width=\"768\" height=\"512\" fetchpriority=\"auto\" src=\"https:\/\/www.europesays.com\/fr\/wp-content\/uploads\/2025\/04\/1743933249_335_S5VKD3X55FFF3BW6V4SEHXNP7I.png\"  data- data-optimumx=\"1\"\/>Helena en concert \u00e0 l&rsquo;Ancienne Belgique \u00a9Jean Luc Flemal<\/p>\n","protected":false},"excerpt":{"rendered":"Helena en concert \u00e0 l&rsquo;Ancienne Belgique \u00a9Jean Luc FlemalHelena en concert \u00e0 l&rsquo;Ancienne Belgique \u00a9Jean Luc FlemalDes larmes&hellip;\n","protected":false},"author":2,"featured_media":96585,"comment_status":"","ping_status":"","sticky":false,"template":"","format":"standard","meta":{"footnotes":""},"categories":[1355],"tags":[21010,21011,2704,1697,58,59,1011,27,5094,820,1361,873],"class_list":{"0":"post-96584","1":"post","2":"type-post","3":"status-publish","4":"format-standard","5":"has-post-thumbnail","7":"category-musique","8":"tag-ab","9":"tag-ancienne-belgique","10":"tag-chanteuse","11":"tag-concert","12":"tag-divertissement","13":"tag-entertainment","14":"tag-fr","15":"tag-france","16":"tag-helena","17":"tag-live","18":"tag-music","19":"tag-musique"},"share_on_mastodon":{"url":"https:\/\/pubeurope.com\/@fr\/114500076232493886","error":""},"_links":{"self":[{"href":"https:\/\/www.europesays.com\/fr\/wp-json\/wp\/v2\/posts\/96584","targetHints":{"allow":["GET"]}}],"collection":[{"href":"https:\/\/www.europesays.com\/fr\/wp-json\/wp\/v2\/posts"}],"about":[{"href":"https:\/\/www.europesays.com\/fr\/wp-json\/wp\/v2\/types\/post"}],"author":[{"embeddable":true,"href":"https:\/\/www.europesays.com\/fr\/wp-json\/wp\/v2\/users\/2"}],"replies":[{"embeddable":true,"href":"https:\/\/www.europesays.com\/fr\/wp-json\/wp\/v2\/comments?post=96584"}],"version-history":[{"count":0,"href":"https:\/\/www.europesays.com\/fr\/wp-json\/wp\/v2\/posts\/96584\/revisions"}],"wp:featuredmedia":[{"embeddable":true,"href":"https:\/\/www.europesays.com\/fr\/wp-json\/wp\/v2\/media\/96585"}],"wp:attachment":[{"href":"https:\/\/www.europesays.com\/fr\/wp-json\/wp\/v2\/media?parent=96584"}],"wp:term":[{"taxonomy":"category","embeddable":true,"href":"https:\/\/www.europesays.com\/fr\/wp-json\/wp\/v2\/categories?post=96584"},{"taxonomy":"post_tag","embeddable":true,"href":"https:\/\/www.europesays.com\/fr\/wp-json\/wp\/v2\/tags?post=96584"}],"curies":[{"name":"wp","href":"https:\/\/api.w.org\/{rel}","templated":true}]}}