{"id":96598,"date":"2025-05-13T10:40:09","date_gmt":"2025-05-13T10:40:09","guid":{"rendered":"https:\/\/www.europesays.com\/fr\/96598\/"},"modified":"2025-05-13T10:40:09","modified_gmt":"2025-05-13T10:40:09","slug":"donald-trump-trouve-quil-serait-stupide-de-refuser-lavion-presidentiel-offert-par-le-qatar","status":"publish","type":"post","link":"https:\/\/www.europesays.com\/fr\/96598\/","title":{"rendered":"Donald Trump trouve qu\u2019il serait \u00abstupide\u00bb de refuser l&rsquo;avion pr\u00e9sidentiel offert par le Qatar"},"content":{"rendered":"<p>La famille royale de l\u2019\u00c9mirat est en passe d\u2019offrir aux \u00c9tats-Unis un Boeing 747-8, estim\u00e9 \u00e0 400 millions de dollars par des experts et d\u00e9peint par des m\u00e9dias am\u00e9ricains comme un \u00abpalace dans le ciel\u00bb.<\/p>\n<p class=\"fig-paragraph\"><a href=\"https:\/\/www.lefigaro.fr\/story\/donald-trump-en-tournee-au-moyen-orient-lheure-du-jugement-pour-gerard-depardieu-debut-du-festival-de-cannes-les-5-infos-a-connaitre-ce-13-mai-17868\" data-fig-type=\"Story\" data-gtm-custom-categorie=\"navigation\" data-gtm-custom-action=\"crossclick\" data-gtm-custom-label=\"Contextuel\" data-gtm-event=\"customEventSPE\" data-fig-domain=\"LEFIGARO\" target=\"_blank\" rel=\"noopener\">Donald Trump<\/a>\u00a0a fermement d\u00e9fendu ce lundi son choix d&rsquo;accepter un Boeing offert par le Qatar aux \u00c9tats-Unis, assurant qu&rsquo;il serait \u00abstupide\u00bb de refuser un tel cadeau, dont il compte faire son nouvel avion pr\u00e9sidentiel. \u00abC&rsquo;est un beau geste venant du Qatar. Je suis tr\u00e8s reconnaissant. Je ne suis pas du genre \u00e0 refuser une telle offre. Je pourrais \u00eatre une personne stupide et dire \u201cNon, nous ne voulons pas qu&rsquo;on nous donne un avion tr\u00e8s cher\u201d\u00bb, a d\u00e9clar\u00e9 le pr\u00e9sident am\u00e9ricain, qui doit faire \u00e9tape au Qatar cette semaine dans le cadre d&rsquo;une tourn\u00e9e dans le Golfe.<\/p>\n<p class=\"fig-paragraph\">La famille royale de l&rsquo;\u00c9mirat est en passe d&rsquo;offrir aux \u00c9tats-Unis un\u00a0<a href=\"http:\/\/www.lefigaro.fr\/flash-eco\/la-chine-leve-l-interdiction-des-receptions-de-boeing-affirme-bloomberg-20250513\" data-fig-type=\"NewsFlash\" data-gtm-custom-categorie=\"navigation\" data-gtm-custom-action=\"crossclick\" data-gtm-custom-label=\"Contextuel\" data-gtm-event=\"customEventSPE\" data-fig-domain=\"LEFIGARO\" target=\"_blank\" rel=\"noopener\">Boeing<\/a>\u00a0747-8, estim\u00e9 \u00e0 400 millions de dollars par des experts et d\u00e9peint par des m\u00e9dias am\u00e9ricains comme un \u00abpalace dans le ciel\u00bb. Ce don pose la question de potentiels conflits d&rsquo;int\u00e9r\u00eats, d&rsquo;autant que la Constitution am\u00e9ricaine interdit aux d\u00e9positaires de l&rsquo;autorit\u00e9 publique d&rsquo;accepter des cadeaux \u00abde la part d&rsquo;un roi, d&rsquo;un prince ou d&rsquo;un \u00c9tat \u00e9tranger\u00bb.<\/p>\n<p class=\"fig-paragraph\">Rappelant cette r\u00e8gle constitutionnelle, des s\u00e9nateurs d\u00e9mocrates ont d\u00e9nonc\u00e9 ce cadeau, assurant qu&rsquo;il \u00abcr\u00e9e un conflit d&rsquo;int\u00e9r\u00eats \u00e9vident, soul\u00e8ve de graves questions de s\u00e9curit\u00e9 nationale, invite \u00e0 l&rsquo;influence \u00e9trang\u00e8re et sape la confiance du public dans notre gouvernement\u00bb. \u00abCette semaine, nous demanderons au S\u00e9nat de voter pour r\u00e9affirmer un principe de base\u00a0: personne ne doit utiliser le service public pour s&rsquo;enrichir personnellement par le biais de cadeaux \u00e9trangers\u00bb, ont ajout\u00e9 Cory Booker, Brian Schatz, Chris Coons et Chris Murphy dans un communiqu\u00e9 conjoint.<\/p>\n<p class=\"fig-body-link\">\n            \u00c0 lire aussi<br \/>\n        <a class=\"fig-body-link__link fig-premium-mark\" href=\"http:\/\/www.lefigaro.fr\/international\/donald-trump-reserve-sa-premiere-tournee-internationale-au-moyen-orient-20250512\" data-fig-type=\"Article\" data-gtm-custom-categorie=\"navigation\" data-gtm-custom-action=\"crossclick\" data-gtm-custom-label=\"Contextuel\" data-gtm-event=\"customEventSPE\" data-fig-domain=\"LEFIGARO\" target=\"_blank\" rel=\"noopener\">Donald Trump r\u00e9serve sa premi\u00e8re tourn\u00e9e internationale au Moyen-Orient<br \/>\n    <\/a>\n<\/p>\n<p>\u00abLes d\u00e9tails juridiques de cette offre sont encore \u00e9tudi\u00e9s\u00bb<\/p>\n<p class=\"fig-paragraph\">Le s\u00e9nateur Murphy a m\u00eame promis de bloquer toute vente d&rsquo;armes future \u00e0 un \u00abpays qui fait des affaires personnelles directes avec Trump\u00bb. Interrog\u00e9 par un journaliste, Donald Trump a assur\u00e9 qu&rsquo;il n&rsquo;utiliserait pas l&rsquo;avion \u00e0 des fins personnelles apr\u00e8s son mandat. \u00abVous devriez avoir honte de poser cette question\u00bb, a-t-il r\u00e9pondu \u00e0 un journaliste. \u00abIls nous donnent un avion gratuitement. Je pourrais dire \u201cnon, non, non, ne nous le donnez pas, je veux payer un milliard de dollars ou 400 millions de dollars, ou quoi que ce soit d&rsquo;autre\u201d. Ou je pourrais dire, \u201cmerci beaucoup\u201d\u00bb, a-t-il continu\u00e9.<\/p>\n<p class=\"fig-paragraph\">Le recours \u00e0 un avion offert par une puissance \u00e9trang\u00e8re suscite par ailleurs de vives inqui\u00e9tudes en termes de s\u00e9curit\u00e9\u00a0:\u00a0<a href=\"http:\/\/www.lefigaro.fr\/flash-eco\/boeing-n-aurait-pas-du-renegocier-air-force-one-avec-trump-estime-son-patron-20220427\" data-fig-type=\"NewsFlash\" data-gtm-custom-categorie=\"navigation\" data-gtm-custom-action=\"crossclick\" data-gtm-custom-label=\"Contextuel\" data-gtm-event=\"customEventSPE\" data-fig-domain=\"LEFIGARO\" target=\"_blank\" rel=\"noopener\">Air Force One<\/a>\u00a0est con\u00e7u pour servir de centre de commandement mobile pour le pr\u00e9sident en cas d&rsquo;attaque contre les \u00c9tats-Unis. Le pr\u00e9sident am\u00e9ricain a assur\u00e9 qu&rsquo;\u00e0 la fin de son mandat, il offrirait cet \u00abAir Force One\u00bb \u00e0 sa future biblioth\u00e8que pr\u00e9sidentielle, \u00e0 la mani\u00e8re d&rsquo;un de ses pr\u00e9d\u00e9cesseurs, Ronald Reagan.<\/p>\n<p class=\"fig-paragraph\">Selon Donald Trump et la Maison Blanche, l&rsquo;avion pourrait \u00eatre un cadeau du Qatar au minist\u00e8re de la D\u00e9fense am\u00e9ricain. \u00abLes d\u00e9tails juridiques de cette offre sont encore en train d&rsquo;\u00eatre \u00e9tudi\u00e9s\u00bb, a d\u00e9clar\u00e9 lundi \u00e0 la cha\u00eene Fox News Karoline Leavitt, la porte-parole du gouvernement. \u00abMais bien s\u00fbr, tout don \u00e0 ce gouvernement est toujours r\u00e9alis\u00e9 dans le respect total de la loi. Nous nous engageons \u00e0 la plus grande transparence, et nous continuerons \u00e0 le faire\u00bb.<\/p>\n<p>\u00abDes alternatives\u00bb \u00e9taient \u00e0 l\u2019\u00e9tude concernant le futur Air Force One<\/p>\n<p class=\"fig-paragraph\">Il pourrait s&rsquo;agir du bien le plus on\u00e9reux jamais offert au gouvernement des \u00c9tats-Unis. Karoline Leavitt a assur\u00e9 que le Qatar ne cherchait pas de traitement de faveur en retour, car \u00abils connaissent le pr\u00e9sident Trump et savent qu&rsquo;il ne travaille qu&rsquo;avec les int\u00e9r\u00eats des Am\u00e9ricains en t\u00eate\u00bb. Le dirigeant r\u00e9publicain compte remplacer les deux avions pr\u00e9sidentiels actuels, des Boeing 747-200B entr\u00e9s en service en 1990 sous\u00a0<a href=\"http:\/\/www.lefigaro.fr\/flash-eco\/l-administration-trump-va-reduire-drastiquement-le-budget-d-une-agence-de-financement-en-afrique-20250423\" data-fig-type=\"NewsFlash\" data-gtm-custom-categorie=\"navigation\" data-gtm-custom-action=\"crossclick\" data-gtm-custom-label=\"Contextuel\" data-gtm-event=\"customEventSPE\" data-fig-domain=\"LEFIGARO\" target=\"_blank\" rel=\"noopener\">George Bush<\/a>\u00a0p\u00e8re. Depuis son retour au pouvoir, Donald Trump a pest\u00e9 contre les co\u00fbts de maintenance importants de ces appareils.<\/p>\n<p class=\"fig-paragraph\">Plus t\u00f4t cette ann\u00e9e, le pr\u00e9sident am\u00e9ricain a indiqu\u00e9 que \u00abdes alternatives\u00bb \u00e9taient \u00e0 l&rsquo;\u00e9tude concernant le futur Air Force One, faisant part de son m\u00e9contentement face aux retards pris par l&rsquo;avionneur Boeing. Le g\u00e9ant am\u00e9ricain de l&rsquo;a\u00e9rospatiale avait en effet sign\u00e9 en 2018 un contrat de fourniture de deux avions 747-8 avant fin 2024 pour 3,9 milliards de dollars, \u00e9quip\u00e9s pour transporter le pr\u00e9sident am\u00e9ricain.<\/p>\n<p class=\"fig-paragraph\">Mais des modifications du projet, notamment r\u00e9clam\u00e9es par Donald Trump lors de son premier mandat, la faillite d&rsquo;un sous-traitant ainsi que la pand\u00e9mie de\u00a0<a href=\"http:\/\/sante.lefigaro.fr\/niveau-de-vie-sante-le-rebond-post-covid-19-s-essouffle-deja-previent-l-onu-20250506\" data-fig-type=\"NewsFlash\" data-gtm-custom-categorie=\"navigation\" data-gtm-custom-action=\"crossclick\" data-gtm-custom-label=\"Contextuel\" data-gtm-event=\"customEventSPE\" data-fig-domain=\"SANTE\" target=\"_blank\" rel=\"noopener\">Covid-19<\/a>\u00a0et les probl\u00e8mes d&rsquo;approvisionnement qui ont suivi ont repouss\u00e9 ce calendrier. Le milliardaire poss\u00e8de un avion priv\u00e9 surnomm\u00e9 \u00abTrump Force One\u00bb qu&rsquo;il a utilis\u00e9 pour sillonner les \u00c9tats-Unis lors de sa campagne pr\u00e9sidentielle.<\/p>\n","protected":false},"excerpt":{"rendered":"La famille royale de l\u2019\u00c9mirat est en passe d\u2019offrir aux \u00c9tats-Unis un Boeing 747-8, estim\u00e9 \u00e0 400 millions&hellip;\n","protected":false},"author":2,"featured_media":96599,"comment_status":"","ping_status":"","sticky":false,"template":"","format":"standard","meta":{"footnotes":""},"categories":[5],"tags":[259,11,260,37,888,75,1011,27,14,261,12,262,1463,28],"class_list":{"0":"post-96598","1":"post","2":"type-post","3":"status-publish","4":"format-standard","5":"has-post-thumbnail","7":"category-international","8":"tag-actualite-internationale","9":"tag-actualites","10":"tag-affaires-etrangeres","11":"tag-avion","12":"tag-boeing","13":"tag-donald-trump","14":"tag-fr","15":"tag-france","16":"tag-international","17":"tag-ministere-des-affaires-etrangeres","18":"tag-news","19":"tag-politique-etrangere","20":"tag-qatar","21":"tag-world"},"share_on_mastodon":{"url":"https:\/\/pubeurope.com\/@fr\/114500103280877261","error":""},"_links":{"self":[{"href":"https:\/\/www.europesays.com\/fr\/wp-json\/wp\/v2\/posts\/96598","targetHints":{"allow":["GET"]}}],"collection":[{"href":"https:\/\/www.europesays.com\/fr\/wp-json\/wp\/v2\/posts"}],"about":[{"href":"https:\/\/www.europesays.com\/fr\/wp-json\/wp\/v2\/types\/post"}],"author":[{"embeddable":true,"href":"https:\/\/www.europesays.com\/fr\/wp-json\/wp\/v2\/users\/2"}],"replies":[{"embeddable":true,"href":"https:\/\/www.europesays.com\/fr\/wp-json\/wp\/v2\/comments?post=96598"}],"version-history":[{"count":0,"href":"https:\/\/www.europesays.com\/fr\/wp-json\/wp\/v2\/posts\/96598\/revisions"}],"wp:featuredmedia":[{"embeddable":true,"href":"https:\/\/www.europesays.com\/fr\/wp-json\/wp\/v2\/media\/96599"}],"wp:attachment":[{"href":"https:\/\/www.europesays.com\/fr\/wp-json\/wp\/v2\/media?parent=96598"}],"wp:term":[{"taxonomy":"category","embeddable":true,"href":"https:\/\/www.europesays.com\/fr\/wp-json\/wp\/v2\/categories?post=96598"},{"taxonomy":"post_tag","embeddable":true,"href":"https:\/\/www.europesays.com\/fr\/wp-json\/wp\/v2\/tags?post=96598"}],"curies":[{"name":"wp","href":"https:\/\/api.w.org\/{rel}","templated":true}]}}