{"id":96600,"date":"2025-05-13T10:41:10","date_gmt":"2025-05-13T10:41:10","guid":{"rendered":"https:\/\/www.europesays.com\/fr\/96600\/"},"modified":"2025-05-13T10:41:10","modified_gmt":"2025-05-13T10:41:10","slug":"cest-terrible-on-na-rien-pu-faire","status":"publish","type":"post","link":"https:\/\/www.europesays.com\/fr\/96600\/","title":{"rendered":"\u00ab C&rsquo;est terrible, on n&rsquo;a rien pu faire \u00bb"},"content":{"rendered":"<p>Ce mardi 13 mai, peu avant 9 heures, un dramatique accident de chantier s&rsquo;est produit \u00e0 Pommard, pr\u00e8s de Beaune.<\/p>\n<p>Un mur en pierre s&rsquo;est \u00e9croul\u00e9 sur des ouvriers qui travaillaient \u00e0 la cr\u00e9ation d&rsquo;un b\u00e2timent viticole, rue du Parc.\u00a0Trois ma\u00e7ons ont \u00e9t\u00e9 ensevelis sous les yeux de leurs coll\u00e8gues.<\/p>\n<p>  Enqu\u00eate de flagrance pour homicide involontaire\u00a0ouverte<\/p>\n<p>Deux adjoints au maire qui se trouvaient \u00e0 proximit\u00e9 sont arriv\u00e9s rapidement sur les lieux pour aider \u00e0 sortir les victimes. \u00ab\u00a0On a essay\u00e9 d&rsquo;enlever un maximum mais le poids des cailloux \u00e9tait tr\u00e8s lourd\u00a0\u00bb, confie Vincent Jacquelin, un des adjoints. \u00ab\u00a0C&rsquo;est terrible, on n&rsquo;a rien pu faire.\u00a0\u00bb<\/p>\n<p>Les pompiers, le Samu\u00a0&#8211; dont l&rsquo;h\u00e9licopt\u00e8re -, les gendarmes, le sous-pr\u00e9fet, le maire de la commune et l&rsquo;inspection du travail sont sur les lieux. Le procureur de la R\u00e9publique de Dijon, Olivier Caracotch, est aussi sur place.<\/p>\n<p>Trois ouvriers d&rsquo;une m\u00eame entreprise<\/p>\n<p>Les trois victimes, \u00e2g\u00e9s de 45, 56 et 58 ans, sont des hommes de la m\u00eame entreprise de ma\u00e7onnerie situ\u00e9e \u00e0 Savigny-l\u00e8s-Beaune. Une enqu\u00eate de flagrance pour homicide involontaire dans le cadre du travail a \u00e9t\u00e9 ouverte men\u00e9e conjointement par la compagnie de Beaune et l&rsquo;inspection du travail de C\u00f4te-d&rsquo;Or, a indiqu\u00e9 le procureur de la R\u00e9publique.<\/p>\n<p>Une cellule d&rsquo;aide psychologique a \u00e9t\u00e9 mise en place pour les autres ouvriers pr\u00e9sents, en \u00e9tat de choc, et les familles des victimes, pr\u00e9sentes sur place.<\/p>\n","protected":false},"excerpt":{"rendered":"Ce mardi 13 mai, peu avant 9 heures, un dramatique accident de chantier s&rsquo;est produit \u00e0 Pommard, pr\u00e8s&hellip;\n","protected":false},"author":2,"featured_media":96601,"comment_status":"","ping_status":"","sticky":false,"template":"","format":"standard","meta":{"footnotes":""},"categories":[4],"tags":[11,2931,10975,274,107,1011,27,12,21016,25],"class_list":{"0":"post-96600","1":"post","2":"type-post","3":"status-publish","4":"format-standard","5":"has-post-thumbnail","7":"category-france","8":"tag-actualites","9":"tag-cote-dor","10":"tag-edition-beaune-et-sa-region","11":"tag-faits-divers-justice","12":"tag-fil-info","13":"tag-fr","14":"tag-france","15":"tag-news","16":"tag-pommard","17":"tag-republique-francaise"},"share_on_mastodon":{"url":"https:\/\/pubeurope.com\/@fr\/114500107239171667","error":""},"_links":{"self":[{"href":"https:\/\/www.europesays.com\/fr\/wp-json\/wp\/v2\/posts\/96600","targetHints":{"allow":["GET"]}}],"collection":[{"href":"https:\/\/www.europesays.com\/fr\/wp-json\/wp\/v2\/posts"}],"about":[{"href":"https:\/\/www.europesays.com\/fr\/wp-json\/wp\/v2\/types\/post"}],"author":[{"embeddable":true,"href":"https:\/\/www.europesays.com\/fr\/wp-json\/wp\/v2\/users\/2"}],"replies":[{"embeddable":true,"href":"https:\/\/www.europesays.com\/fr\/wp-json\/wp\/v2\/comments?post=96600"}],"version-history":[{"count":0,"href":"https:\/\/www.europesays.com\/fr\/wp-json\/wp\/v2\/posts\/96600\/revisions"}],"wp:featuredmedia":[{"embeddable":true,"href":"https:\/\/www.europesays.com\/fr\/wp-json\/wp\/v2\/media\/96601"}],"wp:attachment":[{"href":"https:\/\/www.europesays.com\/fr\/wp-json\/wp\/v2\/media?parent=96600"}],"wp:term":[{"taxonomy":"category","embeddable":true,"href":"https:\/\/www.europesays.com\/fr\/wp-json\/wp\/v2\/categories?post=96600"},{"taxonomy":"post_tag","embeddable":true,"href":"https:\/\/www.europesays.com\/fr\/wp-json\/wp\/v2\/tags?post=96600"}],"curies":[{"name":"wp","href":"https:\/\/api.w.org\/{rel}","templated":true}]}}