{"id":96606,"date":"2025-05-13T10:44:09","date_gmt":"2025-05-13T10:44:09","guid":{"rendered":"https:\/\/www.europesays.com\/fr\/96606\/"},"modified":"2025-05-13T10:44:09","modified_gmt":"2025-05-13T10:44:09","slug":"loire-600-specialistes-du-rein-sont-attendus-durant-trois-jours-a-saint-etienne","status":"publish","type":"post","link":"https:\/\/www.europesays.com\/fr\/96606\/","title":{"rendered":"Loire. 600 sp\u00e9cialistes du rein sont attendus durant trois jours \u00e0 Saint-\u00c9tienne"},"content":{"rendered":"<p>Depuis 45 ans, l\u2019Association fran\u00e7aise des infirmiers (\u00e8res) de dialyse, transplantation et n\u00e9phrologie (AFIDTN) est au service des professionnels de sant\u00e9 pour assurer leur formation, et contribuer \u00e0 une meilleure qualit\u00e9 de soins apport\u00e9e aux patients souffrant d\u2019Insuffisance r\u00e9nale.<\/p>\n<p>Fid\u00e8le \u00e0 sa devise \u00ab\u00a0Former pour mieux soigner\u00a0\u00bb, l\u2019AFIDTN contribuera, durant ces trois jours, \u00e0 la formation en dialyse, transplantation et n\u00e9phrologie, mais aussi aux programmes de recherches dans ce domaine.<\/p>\n<p>  600 professionnels de la n\u00e9phrologie au Centre des Congr\u00e8s<\/p>\n<p>Le Centre de Congr\u00e8s de Saint-\u00c9tienne accueillera environ 600 professionnels de la n\u00e9phrologie des secteurs public, priv\u00e9 et associatif de France et des pays francophones.<\/p>\n<p>Durant ces trois jours, les \u00e9quipes soignantes des services de n\u00e9phrologie, dialyse et transplantation de l\u2019ARTIC 42, du CHU de Saint-Etienne, mais \u00e9galement les CH de Roanne et d\u2019Annonay, ainsi que CALYDIAL, accueilleront leurs coll\u00e8gues venus de tout le territoire fran\u00e7ais, des DOM-TOM, mais aussi de pays francophones.<\/p>\n","protected":false},"excerpt":{"rendered":"Depuis 45 ans, l\u2019Association fran\u00e7aise des infirmiers (\u00e8res) de dialyse, transplantation et n\u00e9phrologie (AFIDTN) est au service des&hellip;\n","protected":false},"author":2,"featured_media":96607,"comment_status":"","ping_status":"","sticky":false,"template":"","format":"standard","meta":{"footnotes":""},"categories":[9653],"tags":[1111,11,2430,1777,674,1011,27,3367,12,25,4001,71],"class_list":{"0":"post-96606","1":"post","2":"type-post","3":"status-publish","4":"format-standard","5":"has-post-thumbnail","7":"category-saint-etienne","8":"tag-actu","9":"tag-actualites","10":"tag-auvergne-rhone-alpes","11":"tag-eu","12":"tag-europe","13":"tag-fr","14":"tag-france","15":"tag-loire","16":"tag-news","17":"tag-republique-francaise","18":"tag-saint-etienne","19":"tag-sante"},"share_on_mastodon":{"url":"https:\/\/pubeurope.com\/@fr\/114500119121742211","error":""},"_links":{"self":[{"href":"https:\/\/www.europesays.com\/fr\/wp-json\/wp\/v2\/posts\/96606","targetHints":{"allow":["GET"]}}],"collection":[{"href":"https:\/\/www.europesays.com\/fr\/wp-json\/wp\/v2\/posts"}],"about":[{"href":"https:\/\/www.europesays.com\/fr\/wp-json\/wp\/v2\/types\/post"}],"author":[{"embeddable":true,"href":"https:\/\/www.europesays.com\/fr\/wp-json\/wp\/v2\/users\/2"}],"replies":[{"embeddable":true,"href":"https:\/\/www.europesays.com\/fr\/wp-json\/wp\/v2\/comments?post=96606"}],"version-history":[{"count":0,"href":"https:\/\/www.europesays.com\/fr\/wp-json\/wp\/v2\/posts\/96606\/revisions"}],"wp:featuredmedia":[{"embeddable":true,"href":"https:\/\/www.europesays.com\/fr\/wp-json\/wp\/v2\/media\/96607"}],"wp:attachment":[{"href":"https:\/\/www.europesays.com\/fr\/wp-json\/wp\/v2\/media?parent=96606"}],"wp:term":[{"taxonomy":"category","embeddable":true,"href":"https:\/\/www.europesays.com\/fr\/wp-json\/wp\/v2\/categories?post=96606"},{"taxonomy":"post_tag","embeddable":true,"href":"https:\/\/www.europesays.com\/fr\/wp-json\/wp\/v2\/tags?post=96606"}],"curies":[{"name":"wp","href":"https:\/\/api.w.org\/{rel}","templated":true}]}}