{"id":96622,"date":"2025-05-13T10:52:17","date_gmt":"2025-05-13T10:52:17","guid":{"rendered":"https:\/\/www.europesays.com\/fr\/96622\/"},"modified":"2025-05-13T10:52:17","modified_gmt":"2025-05-13T10:52:17","slug":"une-fete-digne-des-ceremonies-des-jo-ce-que-lon-sait-du-projet-de-14-juillet-a-rouen","status":"publish","type":"post","link":"https:\/\/www.europesays.com\/fr\/96622\/","title":{"rendered":"Une f\u00eate digne des c\u00e9r\u00e9monies des JO ? Ce que l&rsquo;on sait du projet de 14 juillet \u00e0 Rouen"},"content":{"rendered":"<p>            Par<br \/>\n        <strong><br \/>\n            <a href=\"https:\/\/actu.fr\/auteur\/thomas-rideau\" title=\"Consulter tous les articles de Thomas Rideau\" target=\"_blank\" rel=\"noopener\">Thomas Rideau<\/a><br \/>\n        <\/strong><\/p>\n<p>        Publi\u00e9 le<\/p>\n<p>            13 mai 2025 \u00e0 11h42        <\/p>\n<p><strong>Une \u00e9norme f\u00eate<\/strong> (n\u2019ayons pas peur des mots) <a href=\"https:\/\/actu.fr\/normandie\/rouen_76540\/du-jamais-vu-a-rouen-thomas-jolly-et-nmr-projettent-un-evenement-inedit-pour-le-14-juillet_62614526.html\" target=\"_blank\" rel=\"noopener\">est en projet \u00e0 Rouen pour le 14\u00a0juillet 2025<\/a>. Dans les tuyaux depuis d\u00e9cembre\u00a02024, on arrive dans le sprint final dans l\u2019organisation de l\u2019\u00e9v\u00e9nement. Dans les prochains jours, les \u00e9lus de la <a href=\"https:\/\/actu.fr\/tag\/metropole-rouen\" target=\"_blank\" rel=\"noopener\">M\u00e9tropole<\/a> doivent trancher sur <strong>les derniers financements n\u00e9cessaires<\/strong> \u00e0 la tenue de l\u2019\u00e9v\u00e9nement. En attendant ces votes (qui ne sont pas gagn\u00e9s, mais nous y reviendrons plus tard), 76actu peut d\u00e9j\u00e0 vous fournir plus de pr\u00e9cisions sur cette f\u00eate \u00ab\u2009jamais vue\u2009\u00bb.<\/p>\n<p>Une f\u00eate \u00e0 11\u00a0millions d\u2019euros<\/p>\n<p class=\" wall-content\">\u00c0 la baguette, on retrouve le m\u00eame duo que pour <strong>la c\u00e9r\u00e9monie d\u2019ouverture des JO<\/strong> de Paris <a href=\"https:\/\/actu.fr\/ile-de-france\/paris_75056\/jo-de-paris-2024-suivez-en-direct-la-journee-de-ceremonie-d-ouverture_61408154.html\" target=\"_blank\" rel=\"noopener\">qui ont fait la fiert\u00e9 de tout un pays<\/a>\u2009: le Rouennais Thomas Jolly et Thierry Reboul. Le projet porte le nom de code \u00ab\u00a014.7\u00a0\u00bb et doit se tenir dans plusieurs endroits de la capitale normande.<\/p>\n<p class=\" wall-content\">On \u00e9voque notamment des bals populaires dans plusieurs secteurs de la ville, le plus souvent autour de la Seine, <strong>quelque 60\u2009000 spectateurs \u00ab\u2009gratuits\u2009\u00bb<\/strong> et des ambitions \u00ab\u2009\u00e9quivalentes \u00e0 la c\u00e9r\u00e9monie d\u2019ouverture des JO\u2009\u00bb. Le tout serait retransmis par TF1 qui est partie prenante dans ce projet.<\/p>\n<p class=\" wall-content\">Pour les lieux de la f\u00eate, on \u00e9voque <strong>la presqu\u2019\u00eele Saint-Gervais, la presqu\u2019\u00eele du Rollet, le pont Flaubert ou encore le parvis de la cath\u00e9drale.<\/strong><\/p>\n<p>Des \u00ab\u2009valeurs r\u00e9publicaines\u2009\u00bb communes<\/p>\n<p class=\" wall-content\">Selon nos diff\u00e9rents interlocuteurs, le projet serait presque boucl\u00e9. Enfin, presque. Sur les 11 millions d\u2019euros n\u00e9cessaires avanc\u00e9s, il manque, selon diff\u00e9rents interlocuteurs, encore environ<strong> 5\u00a0millions d\u2019euros d\u2019argent public<\/strong> qui \u00e9maneront de la M\u00e9tropole et de la Ville de Rouen (nous ne savons pas encore dans quelle proportion). Les \u00e9lus doivent se prononcer tr\u00e8s prochainement sur ce point. Ce qui crispe d\u2019ailleurs jusque dans la majorit\u00e9.<\/p>\n<p class=\" wall-content\">Si on revient au spectacle, nos confr\u00e8res de <a href=\"https:\/\/www.francebleu.fr\/infos\/culture-loisirs\/14-juillet-thomas-jolly-imagine-un-grand-spectacle-a-rouen-et-espere-le-decliner-dans-une-ville-differente-chaque-ete-3686310\" target=\"_blank\" rel=\"noopener\">Ici Normandie<\/a> affirment que ce \u00ab\u00a014.7\u00a0\u00bb doit revenir tous les ans. Et \u00e0 chaque fois dans une ville diff\u00e9rente. Et le fait de commencer \u00e0 Rouen ne serait pas un hasard. <strong>Thomas Jolly<\/strong> et <strong>Nicolas Mayer-Rossignol<\/strong> ont \u00e9voqu\u00e9 devant les \u00e9lus, lundi 12 mai 2025, des \u00ab\u2009valeurs r\u00e9publicaines que l\u2019on porte ensemble\u2009\u00bb. Et que tenir cette premi\u00e8re \u00e9dition dans la ville d\u2019origine de Thomas Jolly a du sens.<\/p>\n<p class=\" wall-content\">Durant cette r\u00e9union du 12 mai, l\u2019ex\u00e9cutif local a beaucoup insist\u00e9 sur le fait qu\u2019il n\u2019attend plus que le vote des \u00e9lus pour donner le \u00ab\u2009go\u2009\u00bb \u00e0 la f\u00eate.<\/p>\n<p class=\" wall-content\">Rappelons-le encore une fois, pour le moment, cette c\u00e9l\u00e9bration de la F\u00eate Nationale n\u2019en est qu\u2019au stade de projet et doit encore passer des \u00e9tapes financi\u00e8res et politiques avant d\u2019\u00eatre confirm\u00e9e. Et ce n\u2019est pas encore gagn\u00e9\u2026<\/p>\n<p>Suivez l\u2019actualit\u00e9 de Rouen <a href=\"https:\/\/www.whatsapp.com\/channel\/0029VaKfnf99hXF2ddApFB1D\" target=\"_blank\" rel=\"noopener\">sur notre cha\u00eene WhatsApp<\/a> et <a href=\"https:\/\/www.tiktok.com\/@76actu.fr?lang=fr\" target=\"_blank\" rel=\"noopener\">sur notre compte TikTok<\/a><\/p>\n<p class=\" wall-content\">Suivez toute l\u2019actualit\u00e9 de vos villes et m\u00e9dias favoris en vous inscrivant \u00e0 <a href=\"https:\/\/moncompte.actu.fr\" title=\"D\u00e9couvez Mon Actu\" rel=\"nofollow noopener\" data-trk=\"{&quot;cta&quot;:{&quot;action&quot;:&quot;https:\\\/\\\/moncompte.actu.fr&quot;,&quot;category&quot;:&quot;mon compte&quot;,&quot;from&quot;:&quot;article footer&quot;,&quot;name&quot;:&quot;Mon actu&quot;,&quot;type&quot;:&quot;cta&quot;}}\" target=\"_blank\">Mon Actu<\/a>.<\/p>\n<ul class=\"ac-article-tag wall-content\">\n<li><a href=\"https:\/\/actu.fr\/tag\/la-seine\" data-trk=\"{&quot;cta&quot;:{&quot;action&quot;:&quot;La Seine&quot;,&quot;category&quot;:&quot;tag&quot;,&quot;from&quot;:&quot;article footer&quot;,&quot;name&quot;:&quot;La Seine&quot;,&quot;type&quot;:&quot;cta&quot;}}\" target=\"_blank\" rel=\"noopener\">#La Seine<\/a><\/li>\n<li><a href=\"https:\/\/actu.fr\/tag\/metropole-rouen\" data-trk=\"{&quot;cta&quot;:{&quot;action&quot;:&quot;M\\u00e9tropole Rouen&quot;,&quot;category&quot;:&quot;tag&quot;,&quot;from&quot;:&quot;article footer&quot;,&quot;name&quot;:&quot;M\\u00e9tropole Rouen&quot;,&quot;type&quot;:&quot;cta&quot;}}\" target=\"_blank\" rel=\"noopener\">#M\u00e9tropole Rouen<\/a><\/li>\n<\/ul>\n<p>                    <script async src=\"\/\/www.tiktok.com\/embed.js\"><\/script><\/p>\n","protected":false},"excerpt":{"rendered":"Par Thomas Rideau Publi\u00e9 le 13 mai 2025 \u00e0 11h42 Une \u00e9norme f\u00eate (n\u2019ayons pas peur des mots)&hellip;\n","protected":false},"author":2,"featured_media":96623,"comment_status":"","ping_status":"","sticky":false,"template":"","format":"standard","meta":{"footnotes":""},"categories":[9587],"tags":[1111,11,1777,674,1011,27,5353,1652,9725,12,5161,25,9590],"class_list":{"0":"post-96622","1":"post","2":"type-post","3":"status-publish","4":"format-standard","5":"has-post-thumbnail","7":"category-rouen","8":"tag-actu","9":"tag-actualites","10":"tag-eu","11":"tag-europe","12":"tag-fr","13":"tag-france","14":"tag-la-seine","15":"tag-loisirs-culture","16":"tag-metropole-rouen","17":"tag-news","18":"tag-normandie","19":"tag-republique-francaise","20":"tag-rouen"},"share_on_mastodon":{"url":"https:\/\/pubeurope.com\/@fr\/114500150471941283","error":""},"_links":{"self":[{"href":"https:\/\/www.europesays.com\/fr\/wp-json\/wp\/v2\/posts\/96622","targetHints":{"allow":["GET"]}}],"collection":[{"href":"https:\/\/www.europesays.com\/fr\/wp-json\/wp\/v2\/posts"}],"about":[{"href":"https:\/\/www.europesays.com\/fr\/wp-json\/wp\/v2\/types\/post"}],"author":[{"embeddable":true,"href":"https:\/\/www.europesays.com\/fr\/wp-json\/wp\/v2\/users\/2"}],"replies":[{"embeddable":true,"href":"https:\/\/www.europesays.com\/fr\/wp-json\/wp\/v2\/comments?post=96622"}],"version-history":[{"count":0,"href":"https:\/\/www.europesays.com\/fr\/wp-json\/wp\/v2\/posts\/96622\/revisions"}],"wp:featuredmedia":[{"embeddable":true,"href":"https:\/\/www.europesays.com\/fr\/wp-json\/wp\/v2\/media\/96623"}],"wp:attachment":[{"href":"https:\/\/www.europesays.com\/fr\/wp-json\/wp\/v2\/media?parent=96622"}],"wp:term":[{"taxonomy":"category","embeddable":true,"href":"https:\/\/www.europesays.com\/fr\/wp-json\/wp\/v2\/categories?post=96622"},{"taxonomy":"post_tag","embeddable":true,"href":"https:\/\/www.europesays.com\/fr\/wp-json\/wp\/v2\/tags?post=96622"}],"curies":[{"name":"wp","href":"https:\/\/api.w.org\/{rel}","templated":true}]}}