{"id":96630,"date":"2025-05-13T10:56:14","date_gmt":"2025-05-13T10:56:14","guid":{"rendered":"https:\/\/www.europesays.com\/fr\/96630\/"},"modified":"2025-05-13T10:56:14","modified_gmt":"2025-05-13T10:56:14","slug":"jeremie-pignard-au-sifflet-du-dernier-match-de-la-saison-contre-rennes","status":"publish","type":"post","link":"https:\/\/www.europesays.com\/fr\/96630\/","title":{"rendered":"J\u00e9r\u00e9mie Pignard au sifflet du dernier match de la saison contre Rennes"},"content":{"rendered":"<p>Pour arbitrer les d\u00e9bats, c&rsquo;est J\u00e9r\u00e9mie Pignard qui a \u00e9t\u00e9 d\u00e9sign\u00e9 par la Ligue pour officier lors de cette ultime journ\u00e9e de Ligue 1 au Vel&rsquo;. L&rsquo;arbitre rhodanien, n\u00e9 \u00e0 Villefranche-sur-Sa\u00f4ne dans la banlieue lyonnaise, n&rsquo;a crois\u00e9 la route de l&rsquo;OM qu&rsquo;une seule fois cette saison : c&rsquo;\u00e9tait d\u00e9j\u00e0 \u00e0 domicile, lors de la victoire contre Toulouse (3-2). Globalement, le bilan marseillais est plut\u00f4t bon avec Pignard au sifflet, puisque l&rsquo;OM a gagn\u00e9 lors de 8 des 14 rencontres qu&rsquo;il a dirig\u00e9es depuis 2020\/2021. Au rayon des mauvais souvenirs, on notera surtout <a href=\"https:\/\/www.laprovence.com\/article\/om\/53583021113260\/rennes-om-la-malediction-continue-en-coupe-de-france\" target=\"_blank\" rel=\"noopener\">l&rsquo;\u00e9limination en coupe de France la saison derni\u00e8re contre Rennes (1-1, 10 tab \u00e0 9)<\/a>, o\u00f9 l&rsquo;officiel avait accord\u00e9 un penalty \u00e0 Rennes pendant le temps r\u00e9glementaire, repouss\u00e9 par Pau Lopez (miracle !).<\/p>\n<p>Souvent critiqu\u00e9 cette saison par les dirigeants marseillais, l&rsquo;arbitrage a cess\u00e9 d&rsquo;\u00eatre un sujet r\u00e9current dans l&rsquo;actualit\u00e9 olympienne depuis quelques semaines. Ne reste plus qu&rsquo;\u00e0 esp\u00e9rer qu&rsquo;il en soit encore ainsi samedi, pour un dernier match \u00e0 enjeu moindre qui contribuera peut-\u00eatre \u00e0 adoucir les tensions.<\/p>\n","protected":false},"excerpt":{"rendered":"Pour arbitrer les d\u00e9bats, c&rsquo;est J\u00e9r\u00e9mie Pignard qui a \u00e9t\u00e9 d\u00e9sign\u00e9 par la Ligue pour officier lors de&hellip;\n","protected":false},"author":2,"featured_media":96631,"comment_status":"","ping_status":"","sticky":false,"template":"","format":"standard","meta":{"footnotes":""},"categories":[2821],"tags":[17,1111,11,829,4431,1777,674,1011,27,21018,955,12,149,21019,584,25,3242,21020],"class_list":{"0":"post-96630","1":"post","2":"type-post","3":"status-publish","4":"format-standard","5":"has-post-thumbnail","7":"category-rennes","8":"tag-17","9":"tag-actu","10":"tag-actualites","11":"tag-bretagne","12":"tag-dernier","13":"tag-eu","14":"tag-europe","15":"tag-fr","16":"tag-france","17":"tag-jeremie","18":"tag-match","19":"tag-news","20":"tag-om","21":"tag-pignard","22":"tag-rennes","23":"tag-republique-francaise","24":"tag-saison","25":"tag-sifflet"},"share_on_mastodon":{"url":"https:\/\/pubeurope.com\/@fr\/114500166246954064","error":""},"_links":{"self":[{"href":"https:\/\/www.europesays.com\/fr\/wp-json\/wp\/v2\/posts\/96630","targetHints":{"allow":["GET"]}}],"collection":[{"href":"https:\/\/www.europesays.com\/fr\/wp-json\/wp\/v2\/posts"}],"about":[{"href":"https:\/\/www.europesays.com\/fr\/wp-json\/wp\/v2\/types\/post"}],"author":[{"embeddable":true,"href":"https:\/\/www.europesays.com\/fr\/wp-json\/wp\/v2\/users\/2"}],"replies":[{"embeddable":true,"href":"https:\/\/www.europesays.com\/fr\/wp-json\/wp\/v2\/comments?post=96630"}],"version-history":[{"count":0,"href":"https:\/\/www.europesays.com\/fr\/wp-json\/wp\/v2\/posts\/96630\/revisions"}],"wp:featuredmedia":[{"embeddable":true,"href":"https:\/\/www.europesays.com\/fr\/wp-json\/wp\/v2\/media\/96631"}],"wp:attachment":[{"href":"https:\/\/www.europesays.com\/fr\/wp-json\/wp\/v2\/media?parent=96630"}],"wp:term":[{"taxonomy":"category","embeddable":true,"href":"https:\/\/www.europesays.com\/fr\/wp-json\/wp\/v2\/categories?post=96630"},{"taxonomy":"post_tag","embeddable":true,"href":"https:\/\/www.europesays.com\/fr\/wp-json\/wp\/v2\/tags?post=96630"}],"curies":[{"name":"wp","href":"https:\/\/api.w.org\/{rel}","templated":true}]}}