{"id":966304,"date":"2026-05-30T08:32:56","date_gmt":"2026-05-30T08:32:56","guid":{"rendered":"https:\/\/www.europesays.com\/fr\/966304\/"},"modified":"2026-05-30T08:32:56","modified_gmt":"2026-05-30T08:32:56","slug":"direct-election-presidentielle-2027-gabriel-attal-tient-son-premier-meeting-de-campagne-a-paris-a-14-heures-franceinfo","status":"publish","type":"post","link":"https:\/\/www.europesays.com\/fr\/966304\/","title":{"rendered":"DIRECT. Election pr\u00e9sidentielle 2027 : Gabriel Attal tient son premier meeting de campagne \u00e0 Paris \u00e0 14\u00a0heures \u2013 franceinfo"},"content":{"rendered":"<p>    Publi\u00e9 le 30\/05\/2026 09:46<\/p>\n<p>      Mis \u00e0 jour le 30\/05\/2026 10:22<\/p>\n<p>    <img decoding=\"async\"  alt=\"Le candidat \u00e0 l'\u00e9lection pr\u00e9sidentielle Gabriel Attal, \u00e0 Lyon, le 28 avril 2026.&#10;JEFF PACHOUD \/ AFP (JEFF PACHOUD \/ AFP)\" width=\"432\" height=\"243\" src=\"https:\/\/www.europesays.com\/fr\/wp-content\/uploads\/2026\/05\/6a1a9551b5b76405571389.jpg\" fetchpriority=\"high\"\/><\/p>\n<p>      Le candidat \u00e0 l&rsquo;\u00e9lection pr\u00e9sidentielle Gabriel Attal, \u00e0 Lyon, le 28 avril 2026.<br \/>\nJEFF PACHOUD \/ AFP (JEFF PACHOUD \/ AFP)<\/p>\n<p class=\"c-chapo \">\n  L&rsquo;ancien Premier ministre r\u00e9unit ses soutiens au Parc des Expositions en d\u00e9but d&rsquo;apr\u00e8s-midi, quelques jours apr\u00e8s s&rsquo;\u00eatre d\u00e9clar\u00e9 candidat.\n<\/p>\n<p class=\"c-body__title\">Ce qu&rsquo;il faut savoir<\/p>\n<p><a href=\"https:\/\/www.franceinfo.fr\/elections\/presidentielle\/j-aime-passionnement-la-france-et-j-aime-profondement-les-francais-gabriel-attal-se-declare-candidat-a-l-election-presidentielle-de-2027_8020769.html\" target=\"_self\" rel=\"noopener noreferrer nofollow\" data-tooltip-url=\"https:\/\/www.franceinfo.fr\/elections\/presidentielle\/j-aime-passionnement-la-france-et-j-aime-profondement-les-francais-gabriel-attal-se-declare-candidat-a-l-election-presidentielle-de-2027_8020769.html\">A peine candidat \u00e0 l&rsquo;\u00e9lection pr\u00e9sidentielle<\/a> et d\u00e9j\u00e0 en campagne. Gabriel Attal organise son premier meeting samedi 30 mai \u00e0 Paris, sur fond de comp\u00e9tition interne au bloc central <a href=\"https:\/\/www.franceinfo.fr\/elections\/presidentielle\/gabriel-attal-et-edouard-philippe-duel-ou-future-alliance-entre-les-deux-candidats-a-l-election-presidentielle_8021627.html\" target=\"_self\" rel=\"noopener noreferrer nofollow\" data-tooltip-url=\"https:\/\/www.franceinfo.fr\/elections\/presidentielle\/gabriel-attal-et-edouard-philippe-duel-ou-future-alliance-entre-les-deux-candidats-a-l-election-presidentielle_8021627.html\">avec Edouard Philippe<\/a> et de doutes sur sa capacit\u00e9 \u00e0 rassembler tout Renaissance derri\u00e8re lui. L&rsquo;ancien Premier ministre r\u00e9unit ses soutiens au Parc des Expositions, porte de Versailles, en d\u00e9but d&rsquo;apr\u00e8s-midi et prendra la parole vers 14 heures. Suivez notre direct.<\/p>\n<ul>\n<li><strong>Sandrine Rousseau ne votera pas pour Rapha\u00ebl Glucksmann au premier tour de la pr\u00e9sidentielle.<\/strong> La d\u00e9put\u00e9e \u00e9cologiste a affirm\u00e9 vendredi dans les colonnes de <a href=\"https:\/\/www.liberation.fr\/politique\/sandrine-rousseau-a-titre-personnel-je-ne-soutiendrai-jamais-raphael-glucksmann-au-premier-tour-20260529_543BDXUXNBG5FCVD75RUPUZLFE\/\" target=\"_blank\" rel=\"noopener nofollow\" data-tooltip-url=\"https:\/\/www.liberation.fr\/politique\/sandrine-rousseau-a-titre-personnel-je-ne-soutiendrai-jamais-raphael-glucksmann-au-premier-tour-20260529_543BDXUXNBG5FCVD75RUPUZLFE\/\">Lib\u00e9ration <\/a>qu&rsquo;elle ne voterait \u00ab\u00a0jamais\u00a0\u00bb pour <a href=\"https:\/\/www.franceinfo.fr\/elections\/presidentielle\/il-n-a-pas-peur-pourquoi-raphael-glucksmann-repousse-a-la-fin-de-l-ete-une-eventuelle-candidature-a-la-presidentielle-de-2027_8031494.html\" target=\"_self\" rel=\"noopener noreferrer nofollow\" data-tooltip-url=\"https:\/\/www.franceinfo.fr\/elections\/presidentielle\/il-n-a-pas-peur-pourquoi-raphael-glucksmann-repousse-a-la-fin-de-l-ete-une-eventuelle-candidature-a-la-presidentielle-de-2027_8031494.html\">Rapha\u00ebl Glucksmann<\/a> au premier tour de l&rsquo;\u00e9lection pr\u00e9sidentielle. Elle lui reproche son manque d&rsquo;investissement sur la \u00ab\u00a0lutte \u00e9colo\u00a0\u00bb.<\/li>\n<li><strong>Le Parti socialiste lance un think tank. <\/strong>Baptis\u00e9 No\u00fbs (\u00ab\u00a0esprit, \u00ab\u00a0intelligence\u00a0\u00bb en grec), il devra permettre de mener \u00ab\u00a0la bataille culturelle\u00a0\u00bb face au \u00ab\u00a0n\u00e9o-conservatisme d&rsquo;extr\u00eame droite\u00a0\u00bb, selon ses deux copr\u00e9sidents.<\/li>\n<\/ul>\n<p>      tout lire<\/p>\n<p class=\"related-tags__title\" role=\"heading\" aria-level=\"2\">les mots-cl\u00e9s associ\u00e9s \u00e0 cet article\n    <\/p>\n<p class=\"banner__title\">Le live : l\u2019actu en continu sur franceinfo<\/p>\n<p class=\"banner__subtitle\">Nos journalistes vous font vivre l\u2019actualit\u00e9 en temps r\u00e9el. Suivez, r\u00e9agissez et  posez vos questions.<\/p>\n<p><a class=\"fi-button banner__action ftvi-click fi-button--no-icons fi-button--large fi-button--secondary\" href=\"https:\/\/www.franceinfo.fr\/en-direct\/\" data-click-object=\"{&quot;feature&quot;:&quot;bandeau_promo&quot;,&quot;click&quot;:&quot;acceder_au_live&quot;,&quot;zone&quot;:&quot;bandeau_acceder_au_live&quot;}\" rel=\"nofollow noopener\" target=\"_blank\"><\/p>\n<p>      acc\u00e9der au live<\/p>\n<p>    <\/a><\/p>\n<p>      <img loading=\"lazy\" decoding=\"async\" class=\"banner__image lazyload\" width=\"104\" height=\"139\" alt=\"\" src=\"data:image\/gif;base64,R0lGODlhAQABAAAAACH5BAEKAAEALAAAAAABAAEAAAICTAEAOw==\"\/><\/p>\n","protected":false},"excerpt":{"rendered":"Publi\u00e9 le 30\/05\/2026 09:46 Mis \u00e0 jour le 30\/05\/2026 10:22 Le candidat \u00e0 l&rsquo;\u00e9lection pr\u00e9sidentielle Gabriel Attal, \u00e0&hellip;\n","protected":false},"author":2,"featured_media":966305,"comment_status":"","ping_status":"","sticky":false,"template":"","format":"standard","meta":{"footnotes":"","_share_on_mastodon":"0"},"categories":[1888],"tags":[1111,1928,11,1927,1777,674,1011,27,12,1926,626,1925,25],"class_list":["post-966304","post","type-post","status-publish","format-standard","has-post-thumbnail","category-paris","tag-actu","tag-actu-paris","tag-actualites","tag-actualites-paris","tag-eu","tag-europe","tag-fr","tag-france","tag-news","tag-news-paris","tag-paris","tag-paris-news","tag-republique-francaise"],"share_on_mastodon":{"url":"https:\/\/pubeurope.com\/@fr\/116662607778634724","error":""},"_links":{"self":[{"href":"https:\/\/www.europesays.com\/fr\/wp-json\/wp\/v2\/posts\/966304","targetHints":{"allow":["GET"]}}],"collection":[{"href":"https:\/\/www.europesays.com\/fr\/wp-json\/wp\/v2\/posts"}],"about":[{"href":"https:\/\/www.europesays.com\/fr\/wp-json\/wp\/v2\/types\/post"}],"author":[{"embeddable":true,"href":"https:\/\/www.europesays.com\/fr\/wp-json\/wp\/v2\/users\/2"}],"replies":[{"embeddable":true,"href":"https:\/\/www.europesays.com\/fr\/wp-json\/wp\/v2\/comments?post=966304"}],"version-history":[{"count":0,"href":"https:\/\/www.europesays.com\/fr\/wp-json\/wp\/v2\/posts\/966304\/revisions"}],"wp:featuredmedia":[{"embeddable":true,"href":"https:\/\/www.europesays.com\/fr\/wp-json\/wp\/v2\/media\/966305"}],"wp:attachment":[{"href":"https:\/\/www.europesays.com\/fr\/wp-json\/wp\/v2\/media?parent=966304"}],"wp:term":[{"taxonomy":"category","embeddable":true,"href":"https:\/\/www.europesays.com\/fr\/wp-json\/wp\/v2\/categories?post=966304"},{"taxonomy":"post_tag","embeddable":true,"href":"https:\/\/www.europesays.com\/fr\/wp-json\/wp\/v2\/tags?post=966304"}],"curies":[{"name":"wp","href":"https:\/\/api.w.org\/{rel}","templated":true}]}}