{"id":966306,"date":"2026-05-30T08:34:29","date_gmt":"2026-05-30T08:34:29","guid":{"rendered":"https:\/\/www.europesays.com\/fr\/966306\/"},"modified":"2026-05-30T08:34:29","modified_gmt":"2026-05-30T08:34:29","slug":"gracie-abrams-voici-le-prix-des-places-pour-ses-trois-concerts-a-laccor-arena-de-paris","status":"publish","type":"post","link":"https:\/\/www.europesays.com\/fr\/966306\/","title":{"rendered":"Gracie Abrams : voici le prix des places pour ses trois concerts \u00e0 l&rsquo;Accor Arena de Paris"},"content":{"rendered":"<p>\n    Gracie Abrams voit triple. Pour son grand retour, la chanteuse am\u00e9ricaine annonce trois concerts \u00e0 l&rsquo;Accor Arena de Paris du 8 au 12 avril 2027. D\u00e9couvrez le prix des places !\n<\/p>\n<p>                            <img loading=\"lazy\" decoding=\"async\" class=\"player-thumbnail\" src=\"https:\/\/www.europesays.com\/fr\/wp-content\/uploads\/2026\/05\/7614526769f38953-580x326-1.jpg\" width=\"580\" height=\"326\"\/><\/p>\n<p>                            Bande-annonce des concerts parisiens de Gracie Abrams. \u00a9 Instagram \/ Polydor<\/p>\n<p>La derni\u00e8re fois, le public s&rsquo;\u00e9tait \u00e9tonn\u00e9 de la voir en annoncer n&rsquo;en serait-ce qu&rsquo;un seul. Aujourd&rsquo;hui, Gracie Abrams triple la mise. La chanteuse pop am\u00e9ricaine annonce en effet trois concerts \u00e0 l&rsquo;Accor Arena de Paris les 8, 9 et 12 avril 2027. Un retour en France qui prendra place au milieu de sa nouvelle tourn\u00e9e mondiale, The Look At My Life Tour, afin de d\u00e9fendre son troisi\u00e8me album Daughter From Hell attendu le 17 juillet prochain.\u00a0<\/p>\n<p>Un disque pr\u00e9sent\u00e9 via Hit The Wall, single con\u00e7u aux c\u00f4t\u00e9s d&rsquo;Aaron Dessner, guitariste du groupe de rock The National et d\u00e9sormais producteur \u00e0 succ\u00e8s pour Taylor Swift ou Ed Sheeran :<\/p>\n<blockquote>\n<p>\u00ab\u00a0Je n&rsquo;arrive pas \u00e0 croire que \u00e7a fait d\u00e9j\u00e0 six ans que Gracie et moi composons ensemble. Je suis profond\u00e9ment reconnaissant pour chaque chanson que nous avons cr\u00e9\u00e9e et pour la fa\u00e7on dont nous avons constamment relev\u00e9 des d\u00e9fis et \u00e9volu\u00e9 ensemble, en tant que collaborateurs et amis, en rencontrant parfois des difficult\u00e9s, puis en pers\u00e9v\u00e9rant et en les surmontant\u00a0\u00bb.<\/p>\n<\/blockquote>\n<p>Olivia Rodrigo : des tenues trop \u00ab\u00a0g\u00eanantes\u00a0\u00bb sur sc\u00e8ne ? La star r\u00e9pond \u00e0 ses haters de la meilleure des mani\u00e8res<\/p>\n<p>Pas de concert suppl\u00e9mentaire<\/p>\n<p>Bercy, c&rsquo;est une salle que Gracie Abrams conna\u00eet bien pour l&rsquo;avoir d\u00e9j\u00e0 remplie en 2025. Lors de l&rsquo;annonce du concert, beaucoup de spectateurs ont exprim\u00e9 leur \u00e9tonnement face \u00e0 la capacit\u00e9 de la musicienne \u00e0 remplir l&rsquo;Accor Arena avec ses 20.000 places, alors qu&rsquo;elle n&rsquo;\u00e9tait pas tr\u00e8s populaire en France.\u00a0<\/p>\n<p>Mais entre la mise en vente et le show, tout a chang\u00e9 pour la nouvelle coqueluche de la jeune g\u00e9n\u00e9ration : prot\u00e9g\u00e9e de Taylor Swift, la fille du producteur J.J. Abrams est devenue une superstar gr\u00e2ce \u00e0 ses tubes I Love You I&rsquo;m Sorry, Close to You et surtout That&rsquo;s So True (1,7 milliard d&rsquo;\u00e9coutes en streaming sur Spotify).\u00a0<\/p>\n<p>Jusqu&rsquo;\u00e0 122 euros la place<\/p>\n<p>Alors que les premiers billets seront disponibles via une pr\u00e9vente sur l&rsquo;Accor Arena et Ticketmaster le 4 juin \u00e0 9h, avant la vente g\u00e9n\u00e9rale le lendemain, le prix des places est d\u00e9j\u00e0 connu : en fosse, les fans de Gracie Abrams devront d\u00e9bourser 89,50 euros tandis que les places assises s&rsquo;\u00e9chelonnent entre 67,50 et 122,50 euros. Des tarifs que certains d\u00e9noncent, rappelant qu&rsquo;elle demandait entre 51 et 73 euros pour sa date parisienne de 2025.<\/p>\n<p>Les inconditionnels de la star am\u00e9ricaine sont d\u00e9j\u00e0 sur le qui-vive pour obtenir leur pr\u00e9cieux s\u00e9same. D&rsquo;autant plus que la chanteuse a annonc\u00e9 qu&rsquo;il n&rsquo;y aurait aucune date suppl\u00e9mentaire : \u00ab\u00a0J&rsquo;ai voulu vous partager l&rsquo;int\u00e9gralit\u00e9 de la tourn\u00e9e afin que vous puissiez vous organiser du mieux possible. Je n&rsquo;ajouterai aucun concert [aux Etats-Unis, au Royaume-Uni et en Europe]\u00a0\u00bb. \u00c0 noter que c&rsquo;est la chanteuse californienne Samia qui a \u00e9t\u00e9 choisie pour ouvrir ces trois soir\u00e9es parisiennes.<\/p>\n<p>Prix des places pour Gracie Abrams \u00e0 Paris<\/p>\n<p>Fosse\u00a0: 89.50 euros\u00a0<\/p>\n<p>Cat\u00e9gorie Or\u00a0: 122.50 euros<\/p>\n<p>Cat\u00e9gorie 1\u00a0: 100.50 euros<\/p>\n<p>Cat\u00e9gorie 2\u00a0: 89.50 euros<\/p>\n<p>Cat\u00e9gorie 3\u00a0: 73 euros<\/p>\n<p>Cat\u00e9gorie 4\u00a0: 67.50 euros<\/p>\n<p>        <img decoding=\"async\" class=\"thumb-img-100 thumb-img\" src=\"https:\/\/www.europesays.com\/fr\/wp-content\/uploads\/2026\/05\/70f9877835c77089-320x180-3.jpg\" alt=\"J'ai vu Damso \u00e0 Paris La D\u00e9fense Arena : plus qu'un concert, une exp\u00e9rience quasi mystique\" width=\"320\" height=\"180\" loading=\"lazy\" role=\"presentation\"\/><\/p>\n<p>                                            J&rsquo;ai vu Damso \u00e0 Paris La D\u00e9fense Arena : plus qu&rsquo;un concert, une exp\u00e9rience quasi mystique<\/p>\n<p>        <img decoding=\"async\" class=\"thumb-img-100 thumb-img\" src=\"https:\/\/www.europesays.com\/fr\/wp-content\/uploads\/2026\/05\/c0c05c9783e1fe57-320x180-1.jpg\" alt=\"&quot;J'ai peur de l'apr\u00e8s&quot; : cet \u00e9l\u00e8ve de la Star Academy \u00e0 coeur ouvert sur son premier single intime\" width=\"320\" height=\"180\" loading=\"lazy\" role=\"presentation\"\/><\/p>\n<p>                                            \u00ab\u00a0J&rsquo;ai peur de l&rsquo;apr\u00e8s\u00a0\u00bb : cet \u00e9l\u00e8ve de la Star Academy \u00e0 coeur ouvert sur son premier single intime<\/p>\n<p>        <img decoding=\"async\" class=\"thumb-img-100 thumb-img\" src=\"https:\/\/www.europesays.com\/fr\/wp-content\/uploads\/2026\/05\/b0ded47cdaf8c3f1-320x180-1.jpg\" alt=\"Myl\u00e8ne Farmer : qui est DJ Lewis, le producteur derri\u00e8re son nouveau single C'est \u00e0 qui le tour ?\" width=\"320\" height=\"180\" loading=\"lazy\" role=\"presentation\"\/><\/p>\n<p>                                            Myl\u00e8ne Farmer : qui est DJ Lewis, le producteur derri\u00e8re son nouveau single C&rsquo;est \u00e0 qui le tour ?<\/p>\n<p>                <img loading=\"lazy\" decoding=\"async\" src=\"https:\/\/www.europesays.com\/fr\/wp-content\/uploads\/2026\/04\/4a5fb75e76867fc0-35x35-1.png\" class=\"author-article-picture\" width=\"35\" height=\"35\"\/><\/p>\n<p>                    Par<\/p>\n<p>                                            Th\u00e9au Berthelot<\/p>\n<p>                    |<\/p>\n<p>                                            Journaliste<\/p>\n<p>\n                Passionn\u00e9 par la musique, le cin\u00e9ma, la litt\u00e9rature et le journalisme, il est incollable sur la sc\u00e8ne rock ind\u00e9pendante et se prend de passion pour les dessous de l&rsquo;industrie musicale et de l&rsquo;organisation des concerts et festivals, o\u00f9 vous ne manquerez pas de le croiser.\n            <\/p>\n","protected":false},"excerpt":{"rendered":"Gracie Abrams voit triple. Pour son grand retour, la chanteuse am\u00e9ricaine annonce trois concerts \u00e0 l&rsquo;Accor Arena de&hellip;\n","protected":false},"author":2,"featured_media":966307,"comment_status":"","ping_status":"","sticky":false,"template":"","format":"standard","meta":{"footnotes":"","_share_on_mastodon":"0"},"categories":[1888],"tags":[1111,1928,11,1927,1777,674,1011,27,12,1926,626,1925,25],"class_list":["post-966306","post","type-post","status-publish","format-standard","has-post-thumbnail","category-paris","tag-actu","tag-actu-paris","tag-actualites","tag-actualites-paris","tag-eu","tag-europe","tag-fr","tag-france","tag-news","tag-news-paris","tag-paris","tag-paris-news","tag-republique-francaise"],"share_on_mastodon":{"url":"https:\/\/pubeurope.com\/@fr\/116662611866136908","error":""},"_links":{"self":[{"href":"https:\/\/www.europesays.com\/fr\/wp-json\/wp\/v2\/posts\/966306","targetHints":{"allow":["GET"]}}],"collection":[{"href":"https:\/\/www.europesays.com\/fr\/wp-json\/wp\/v2\/posts"}],"about":[{"href":"https:\/\/www.europesays.com\/fr\/wp-json\/wp\/v2\/types\/post"}],"author":[{"embeddable":true,"href":"https:\/\/www.europesays.com\/fr\/wp-json\/wp\/v2\/users\/2"}],"replies":[{"embeddable":true,"href":"https:\/\/www.europesays.com\/fr\/wp-json\/wp\/v2\/comments?post=966306"}],"version-history":[{"count":0,"href":"https:\/\/www.europesays.com\/fr\/wp-json\/wp\/v2\/posts\/966306\/revisions"}],"wp:featuredmedia":[{"embeddable":true,"href":"https:\/\/www.europesays.com\/fr\/wp-json\/wp\/v2\/media\/966307"}],"wp:attachment":[{"href":"https:\/\/www.europesays.com\/fr\/wp-json\/wp\/v2\/media?parent=966306"}],"wp:term":[{"taxonomy":"category","embeddable":true,"href":"https:\/\/www.europesays.com\/fr\/wp-json\/wp\/v2\/categories?post=966306"},{"taxonomy":"post_tag","embeddable":true,"href":"https:\/\/www.europesays.com\/fr\/wp-json\/wp\/v2\/tags?post=966306"}],"curies":[{"name":"wp","href":"https:\/\/api.w.org\/{rel}","templated":true}]}}