{"id":96633,"date":"2025-05-13T10:58:09","date_gmt":"2025-05-13T10:58:09","guid":{"rendered":"https:\/\/www.europesays.com\/fr\/96633\/"},"modified":"2025-05-13T10:58:09","modified_gmt":"2025-05-13T10:58:09","slug":"120-personnes-manifestent-pour-defendre-le-service-public","status":"publish","type":"post","link":"https:\/\/www.europesays.com\/fr\/96633\/","title":{"rendered":"120 personnes manifestent pour d\u00e9fendre le service public"},"content":{"rendered":"<p>Pour r\u00e9clamer de meilleures r\u00e9mun\u00e9rations et d\u00e9noncer des d\u00e9bats budg\u00e9taires qui s&rsquo;engageraient selon eux \u00ab de la pire des mani\u00e8res \u00bb, <a href=\"https:\/\/www.dna.fr\/economie\/2025\/05\/12\/mobilisation-dans-la-fonction-publique-ce-mardi\" target=\"_blank\" rel=\"nofollow noopener\">plusieurs syndicats appelaient \u00e0 la mobilisation ce mardi 13 mai<\/a>. \u00c0 Strasbourg, pr\u00e8s de 120 personnels de la fonction publique ont r\u00e9pondu \u00e0 l&rsquo;appel de l&rsquo;intersyndicale CGT-Unsa-FSU-Solidaires, place Broglie \u00e0 la mi-journ\u00e9e.<\/p>\n<p>\u00c0 13 h 30, une d\u00e9l\u00e9gation de syndicalistes doit \u00eatre re\u00e7ue par les services de la pr\u00e9fecture voisine pour leur soumettre leurs revendications : revalorisation du point d&rsquo;indice, suppression du jour de carence, r\u00e9tablissement de la garantie individuelle de pouvoir d&rsquo;achat, cr\u00e9ations d&#8217;emplois.<\/p>\n","protected":false},"excerpt":{"rendered":"Pour r\u00e9clamer de meilleures r\u00e9mun\u00e9rations et d\u00e9noncer des d\u00e9bats budg\u00e9taires qui s&rsquo;engageraient selon eux \u00ab de la pire&hellip;\n","protected":false},"author":2,"featured_media":96634,"comment_status":"","ping_status":"","sticky":false,"template":"","format":"standard","meta":{"footnotes":""},"categories":[2820],"tags":[1111,11,2389,2649,33,2880,1777,674,107,1011,27,775,12,25,801,640],"class_list":{"0":"post-96633","1":"post","2":"type-post","3":"status-publish","4":"format-standard","5":"has-post-thumbnail","7":"category-strasbourg","8":"tag-actu","9":"tag-actualites","10":"tag-alsace","11":"tag-bas-rhin","12":"tag-economie","13":"tag-edition-strasbourg","14":"tag-eu","15":"tag-europe","16":"tag-fil-info","17":"tag-fr","18":"tag-france","19":"tag-grand-est","20":"tag-news","21":"tag-republique-francaise","22":"tag-social","23":"tag-strasbourg"},"share_on_mastodon":{"url":"https:\/\/pubeurope.com\/@fr\/114500174112011911","error":""},"_links":{"self":[{"href":"https:\/\/www.europesays.com\/fr\/wp-json\/wp\/v2\/posts\/96633","targetHints":{"allow":["GET"]}}],"collection":[{"href":"https:\/\/www.europesays.com\/fr\/wp-json\/wp\/v2\/posts"}],"about":[{"href":"https:\/\/www.europesays.com\/fr\/wp-json\/wp\/v2\/types\/post"}],"author":[{"embeddable":true,"href":"https:\/\/www.europesays.com\/fr\/wp-json\/wp\/v2\/users\/2"}],"replies":[{"embeddable":true,"href":"https:\/\/www.europesays.com\/fr\/wp-json\/wp\/v2\/comments?post=96633"}],"version-history":[{"count":0,"href":"https:\/\/www.europesays.com\/fr\/wp-json\/wp\/v2\/posts\/96633\/revisions"}],"wp:featuredmedia":[{"embeddable":true,"href":"https:\/\/www.europesays.com\/fr\/wp-json\/wp\/v2\/media\/96634"}],"wp:attachment":[{"href":"https:\/\/www.europesays.com\/fr\/wp-json\/wp\/v2\/media?parent=96633"}],"wp:term":[{"taxonomy":"category","embeddable":true,"href":"https:\/\/www.europesays.com\/fr\/wp-json\/wp\/v2\/categories?post=96633"},{"taxonomy":"post_tag","embeddable":true,"href":"https:\/\/www.europesays.com\/fr\/wp-json\/wp\/v2\/tags?post=96633"}],"curies":[{"name":"wp","href":"https:\/\/api.w.org\/{rel}","templated":true}]}}