{"id":96653,"date":"2025-05-13T11:09:08","date_gmt":"2025-05-13T11:09:08","guid":{"rendered":"https:\/\/www.europesays.com\/fr\/96653\/"},"modified":"2025-05-13T11:09:08","modified_gmt":"2025-05-13T11:09:08","slug":"avec-son-comique-de-reflexion-le-varois-ameziane-veut-seduire-marseille","status":"publish","type":"post","link":"https:\/\/www.europesays.com\/fr\/96653\/","title":{"rendered":"Avec son comique de r\u00e9flexion, le Varois Ameziane veut s\u00e9duire Marseille"},"content":{"rendered":"<p>Contrairement aux Gad Elmaleh, Alban Ivanov et autre Booder, ils \u00e9taient peu \u00e0 conna\u00eetre Ameziane lors de l\u2019ouverture du Vig\u2019s, en f\u00e9vrier dernier \u00e0 Marseille. Mais ce soir-l\u00e0, l\u2019humoriste avait fait sensation pendant le plateau stand-up inaugural, avec ses vannes sur la soci\u00e9t\u00e9 et la comp\u00e9tition t\u00e9l\u00e9vis\u00e9e de drag-queen, <a href=\"https:\/\/www.laprovence.com\/article\/sortie-loisirs\/1278214603628715\/nicky-doll-ruby-on-the-nail-lula-strega-au-cepac-silo-les-drag-queens-marseillaises-ont-fait-le-show\" target=\"_blank\" rel=\"noopener\">RuPaul\u2019s Drag Race<\/a>. Trois mois plus tard, l\u2019humoriste \u00e2g\u00e9 de 29\u00a0ans retrouvait la nouvelle sc\u00e8ne du Vieux-Port pour lancer une semaine \u00e0 multiplier les sc\u00e8nes dans toute la ville, passant \u00e9galement au <a href=\"https:\/\/www.laprovence.com\/article\/culture-loisirs\/1400445568718215\/pour-linauguration-du-marseille-comedy-club-le-rire-est-deja-omnipresent\" target=\"_blank\" rel=\"noopener\">Marseille Comedy Club (1er)<\/a> et au Garage (6e).<\/p>\n<p>Le but\u00a0? Aff\u00fbter son verbe et se faire conna\u00eetre du public marseillais avant de jouer son premier spectacle en solo, ce mardi 13\u00a0mai, au Garage. Un show encore en rodage, dont le nom n\u2019a pas encore \u00e9t\u00e9 d\u00e9cid\u00e9\u00a0: \u00ab\u00a0Il y avait une version ant\u00e9rieure dont je n\u2019ai gard\u00e9 que 10%. L\u00e0, il est coh\u00e9rent, ce sera la sixi\u00e8me repr\u00e9sentation et la toute premi\u00e8re \u00e0 Marseille apr\u00e8s l\u2019avoir amen\u00e9 \u00e0 Paris, Nice, au Printemps du Rire \u00e0 Toulouse\u2026\u00a0\u00bb, racontait-il \u00e0 quelques jours de l\u2019\u00e9ch\u00e9ance.<\/p>\n","protected":false},"excerpt":{"rendered":"Contrairement aux Gad Elmaleh, Alban Ivanov et autre Booder, ils \u00e9taient peu \u00e0 conna\u00eetre Ameziane lors de l\u2019ouverture&hellip;\n","protected":false},"author":2,"featured_media":96654,"comment_status":"","ping_status":"","sticky":false,"template":"","format":"standard","meta":{"footnotes":""},"categories":[2814],"tags":[17,1111,11,21023,3396,21021,251,1777,674,1011,27,884,12,882,18067,25,3711,21022,9870],"class_list":{"0":"post-96653","1":"post","2":"type-post","3":"status-publish","4":"format-standard","5":"has-post-thumbnail","7":"category-marseille","8":"tag-17","9":"tag-actu","10":"tag-actualites","11":"tag-ameziane","12":"tag-avec","13":"tag-comique","14":"tag-culture","15":"tag-eu","16":"tag-europe","17":"tag-fr","18":"tag-france","19":"tag-marseille","20":"tag-news","21":"tag-provence-alpes-cote-dazur","22":"tag-reflexion","23":"tag-republique-francaise","24":"tag-son","25":"tag-varois","26":"tag-veut"},"share_on_mastodon":{"url":"https:\/\/pubeurope.com\/@fr\/114500217332553234","error":""},"_links":{"self":[{"href":"https:\/\/www.europesays.com\/fr\/wp-json\/wp\/v2\/posts\/96653","targetHints":{"allow":["GET"]}}],"collection":[{"href":"https:\/\/www.europesays.com\/fr\/wp-json\/wp\/v2\/posts"}],"about":[{"href":"https:\/\/www.europesays.com\/fr\/wp-json\/wp\/v2\/types\/post"}],"author":[{"embeddable":true,"href":"https:\/\/www.europesays.com\/fr\/wp-json\/wp\/v2\/users\/2"}],"replies":[{"embeddable":true,"href":"https:\/\/www.europesays.com\/fr\/wp-json\/wp\/v2\/comments?post=96653"}],"version-history":[{"count":0,"href":"https:\/\/www.europesays.com\/fr\/wp-json\/wp\/v2\/posts\/96653\/revisions"}],"wp:featuredmedia":[{"embeddable":true,"href":"https:\/\/www.europesays.com\/fr\/wp-json\/wp\/v2\/media\/96654"}],"wp:attachment":[{"href":"https:\/\/www.europesays.com\/fr\/wp-json\/wp\/v2\/media?parent=96653"}],"wp:term":[{"taxonomy":"category","embeddable":true,"href":"https:\/\/www.europesays.com\/fr\/wp-json\/wp\/v2\/categories?post=96653"},{"taxonomy":"post_tag","embeddable":true,"href":"https:\/\/www.europesays.com\/fr\/wp-json\/wp\/v2\/tags?post=96653"}],"curies":[{"name":"wp","href":"https:\/\/api.w.org\/{rel}","templated":true}]}}