{"id":96655,"date":"2025-05-13T11:10:08","date_gmt":"2025-05-13T11:10:08","guid":{"rendered":"https:\/\/www.europesays.com\/fr\/96655\/"},"modified":"2025-05-13T11:10:08","modified_gmt":"2025-05-13T11:10:08","slug":"la-metropole-aix-marseille-provence-renouvelle-son-soutien-aux-plateformes-dinitiatives-du-pays-salonais","status":"publish","type":"post","link":"https:\/\/www.europesays.com\/fr\/96655\/","title":{"rendered":"La M\u00e9tropole Aix-Marseille-Provence renouvelle son soutien aux plateformes d&rsquo;initiatives du pays salonais"},"content":{"rendered":"<p>Pour poursuivre son engagement en faveur des entreprises de son territoire, la <a href=\"https:\/\/www.laprovence.com\/article\/region\/67444236895793\/annee-cezanne-la-metropole-aix-marseille-provence-va-assurer-des-navettes-jusqua-bibemus\" target=\"_blank\" rel=\"nofollow noopener\">M\u00e9tropole Aix-Marseille-Provence<\/a>, repr\u00e9sent\u00e9e par <a href=\"https:\/\/www.laprovence.com\/article\/region\/3388152077605415\/le-maire-daubagne-gerard-gazay-aborde-lannee-2025-en-confiance\" target=\"_blank\" rel=\"nofollow noopener\">G\u00e9rard Gazay<\/a>, vice-pr\u00e9sident d\u00e9l\u00e9gu\u00e9 au D\u00e9veloppement \u00e9conomique, a renouvel\u00e9 il y a quelques jours, son soutien aux six plateformes d&rsquo;accompagnement <a href=\"https:\/\/www.laprovence.com\/article\/region\/63928614393513\/une-annee-record-pour-le-reseau-initiative-dont-ont-beneficie-les-entrepreneurs-de-salon-de-provence\" target=\"_blank\" rel=\"nofollow noopener\">R\u00e9seau Initiative<\/a> dont celle du Pays salonais.<\/p>\n<p>La signature officielle des conventions a \u00e9t\u00e9 pr\u00e9c\u00e9d\u00e9e d&rsquo;une pr\u00e9sentation du bilan m\u00e9tropolitain du partenariat ainsi que d&rsquo;une s\u00e9rie de t\u00e9moignages d&rsquo;entreprises b\u00e9n\u00e9ficiaires de financements, l&rsquo;occasion pour les professionnels d&rsquo;illustrer l&rsquo;impact concret du soutien dont ils b\u00e9n\u00e9ficient.<\/p>\n<p>Plus de 130 entreprises accompagn\u00e9es<\/p>\n<p>La M\u00e9tropole, qui pr\u00e9sente une belle dynamique entrepreneuriale depuis plusieurs ann\u00e9es, s&rsquo;engage aupr\u00e8s de ses partenaires pour favoriser le quotidien des entreprises implant\u00e9es sur son territoire. Ainsi, en 2024, plus de 1300 <a href=\"https:\/\/www.laprovence.com\/article\/region\/46199840285617\/initiative-pays-salonais-dynamise-lentrepreneuriat-a-pelissanne\" target=\"_blank\" rel=\"nofollow noopener\">entreprises <\/a>ont \u00e9t\u00e9 accompagn\u00e9es, soit 60% de plus qu&rsquo;en 2023.<\/p>\n<p>\u00ab\u00a0La concr\u00e9tisation de la vision et de la strat\u00e9gie de la M\u00e9tropole pour le d\u00e9veloppement \u00e9conomique du territoire s&rsquo;appuie sur les op\u00e9rateurs pr\u00e9sents sur le terrain pour la cr\u00e9ation de la richesse et de l&#8217;emploi. Partenaire historique de la M\u00e9tropole, le R\u00e9seau Initiative est un acteur de proximit\u00e9 essentiel dans cette perspective, et joue un r\u00f4le cl\u00e9 dans la dynamique entrepreneuriale et la p\u00e9rennisation des entreprises du territoire\u00a0\u00bb, a soulign\u00e9 G\u00e9rard Gazay \u00e0 cette occasion.<\/p>\n","protected":false},"excerpt":{"rendered":"Pour poursuivre son engagement en faveur des entreprises de son territoire, la M\u00e9tropole Aix-Marseille-Provence, repr\u00e9sent\u00e9e par G\u00e9rard Gazay,&hellip;\n","protected":false},"author":2,"featured_media":96656,"comment_status":"","ping_status":"","sticky":false,"template":"","format":"standard","meta":{"footnotes":""},"categories":[2814],"tags":[17,1111,11,5650,21025,1777,674,1011,27,884,2800,12,18931,882,16,21024,25,3711,7618],"class_list":{"0":"post-96655","1":"post","2":"type-post","3":"status-publish","4":"format-standard","5":"has-post-thumbnail","7":"category-marseille","8":"tag-17","9":"tag-actu","10":"tag-actualites","11":"tag-aix-marseille-provence","12":"tag-dinitiatives","13":"tag-eu","14":"tag-europe","15":"tag-fr","16":"tag-france","17":"tag-marseille","18":"tag-metropole","19":"tag-news","20":"tag-plateforme","21":"tag-provence-alpes-cote-dazur","22":"tag-region","23":"tag-renouvelle","24":"tag-republique-francaise","25":"tag-son","26":"tag-soutien"},"share_on_mastodon":{"url":"https:\/\/pubeurope.com\/@fr\/114500221252105507","error":""},"_links":{"self":[{"href":"https:\/\/www.europesays.com\/fr\/wp-json\/wp\/v2\/posts\/96655","targetHints":{"allow":["GET"]}}],"collection":[{"href":"https:\/\/www.europesays.com\/fr\/wp-json\/wp\/v2\/posts"}],"about":[{"href":"https:\/\/www.europesays.com\/fr\/wp-json\/wp\/v2\/types\/post"}],"author":[{"embeddable":true,"href":"https:\/\/www.europesays.com\/fr\/wp-json\/wp\/v2\/users\/2"}],"replies":[{"embeddable":true,"href":"https:\/\/www.europesays.com\/fr\/wp-json\/wp\/v2\/comments?post=96655"}],"version-history":[{"count":0,"href":"https:\/\/www.europesays.com\/fr\/wp-json\/wp\/v2\/posts\/96655\/revisions"}],"wp:featuredmedia":[{"embeddable":true,"href":"https:\/\/www.europesays.com\/fr\/wp-json\/wp\/v2\/media\/96656"}],"wp:attachment":[{"href":"https:\/\/www.europesays.com\/fr\/wp-json\/wp\/v2\/media?parent=96655"}],"wp:term":[{"taxonomy":"category","embeddable":true,"href":"https:\/\/www.europesays.com\/fr\/wp-json\/wp\/v2\/categories?post=96655"},{"taxonomy":"post_tag","embeddable":true,"href":"https:\/\/www.europesays.com\/fr\/wp-json\/wp\/v2\/tags?post=96655"}],"curies":[{"name":"wp","href":"https:\/\/api.w.org\/{rel}","templated":true}]}}