{"id":96657,"date":"2025-05-13T11:11:17","date_gmt":"2025-05-13T11:11:17","guid":{"rendered":"https:\/\/www.europesays.com\/fr\/96657\/"},"modified":"2025-05-13T11:11:17","modified_gmt":"2025-05-13T11:11:17","slug":"trois-ans-de-prison-ferme-pour-avoir-insulte-et-agresse-un-sexagenaire-a-villeurbanne","status":"publish","type":"post","link":"https:\/\/www.europesays.com\/fr\/96657\/","title":{"rendered":"trois ans de prison ferme pour avoir insult\u00e9 et agress\u00e9 un sexag\u00e9naire \u00e0 Villeurbanne"},"content":{"rendered":"<p itemprop=\"description\"><strong>Les faits remontent au 8 mars dernier.<\/strong><\/p>\n<p>Un homme de 45 ans \u00e9tait jug\u00e9 ce lundi devant le tribunal correctionnel de Lyon pour violence \u00ab\u00a0commise en raison de la race, l\u2019ethnie, la nation ou la religion\u00a0\u00bb. Le 8 mars dernier, il s\u2019en \u00e9tait pris \u00e0 un sexag\u00e9naire, t\u00e9moin de l\u2019accident qu\u2019il venait de provoquer \u00e0 Villeurbanne. L\u2019individu avait en effet percut\u00e9 un autre v\u00e9hicule en stationnement avec sa voiture.\u00a0<\/p>\n<p>Apr\u00e8s avoir ramass\u00e9 les d\u00e9g\u00e2ts du choc, la victime avait notamment \u00e9t\u00e9 insult\u00e9e de \u00ab\u00a0sale juif\u00a0\u00bb et de \u00ab\u00a0sioniste\u00a0\u00bb avant d\u2019\u00eatre violemment frapp\u00e9e. Bilan : 45 jours d\u2019ITT et une triple fracture du bras.\u00a0<\/p>\n<p>D\u00e9j\u00e0 connu de la justice pour des faits de violences et niant les faits du 8 mars dernier, le pr\u00e9venu a \u00e9t\u00e9 condamn\u00e9 \u00e0 une peine de trois ans de prison ferme. Il devra \u00e9galement verser 100 euros pour pr\u00e9judice moral et 200 euros pour les frais de justice aux parties civiles que sont SOS racisme, la Licra et le Crif Auvergne-Rh\u00f4ne-Alpes mais aussi 1000 euros \u00e0 la victime en attendant de conna\u00eetre le pr\u00e9judice exact \u00e0 son encontre apr\u00e8s une expertise ordonn\u00e9e par le tribunal.<\/p>\n","protected":false},"excerpt":{"rendered":"Les faits remontent au 8 mars dernier. Un homme de 45 ans \u00e9tait jug\u00e9 ce lundi devant le&hellip;\n","protected":false},"author":2,"featured_media":96658,"comment_status":"","ping_status":"","sticky":false,"template":"","format":"standard","meta":{"footnotes":""},"categories":[1889],"tags":[1111,11,2813,2190,2430,1109,251,1112,2811,1777,674,118,1011,27,1922,1110,1114,2428,2810,12,241,316,25,2812,517,800],"class_list":{"0":"post-96657","1":"post","2":"type-post","3":"status-publish","4":"format-standard","5":"has-post-thumbnail","7":"category-lyon","8":"tag-actu","9":"tag-actualites","10":"tag-article","11":"tag-asvel","12":"tag-auvergne-rhone-alpes","13":"tag-breves","14":"tag-culture","15":"tag-depeches","16":"tag-economique","17":"tag-eu","18":"tag-europe","19":"tag-faits-divers","20":"tag-fr","21":"tag-france","22":"tag-info","23":"tag-informations","24":"tag-infos","25":"tag-lyon","26":"tag-lyonmag","27":"tag-news","28":"tag-ol","29":"tag-politique","30":"tag-republique-francaise","31":"tag-sociale","32":"tag-sport","33":"tag-transports"},"share_on_mastodon":{"url":"https:\/\/pubeurope.com\/@fr\/114500225242017055","error":""},"_links":{"self":[{"href":"https:\/\/www.europesays.com\/fr\/wp-json\/wp\/v2\/posts\/96657","targetHints":{"allow":["GET"]}}],"collection":[{"href":"https:\/\/www.europesays.com\/fr\/wp-json\/wp\/v2\/posts"}],"about":[{"href":"https:\/\/www.europesays.com\/fr\/wp-json\/wp\/v2\/types\/post"}],"author":[{"embeddable":true,"href":"https:\/\/www.europesays.com\/fr\/wp-json\/wp\/v2\/users\/2"}],"replies":[{"embeddable":true,"href":"https:\/\/www.europesays.com\/fr\/wp-json\/wp\/v2\/comments?post=96657"}],"version-history":[{"count":0,"href":"https:\/\/www.europesays.com\/fr\/wp-json\/wp\/v2\/posts\/96657\/revisions"}],"wp:featuredmedia":[{"embeddable":true,"href":"https:\/\/www.europesays.com\/fr\/wp-json\/wp\/v2\/media\/96658"}],"wp:attachment":[{"href":"https:\/\/www.europesays.com\/fr\/wp-json\/wp\/v2\/media?parent=96657"}],"wp:term":[{"taxonomy":"category","embeddable":true,"href":"https:\/\/www.europesays.com\/fr\/wp-json\/wp\/v2\/categories?post=96657"},{"taxonomy":"post_tag","embeddable":true,"href":"https:\/\/www.europesays.com\/fr\/wp-json\/wp\/v2\/tags?post=96657"}],"curies":[{"name":"wp","href":"https:\/\/api.w.org\/{rel}","templated":true}]}}