{"id":96671,"date":"2025-05-13T11:18:08","date_gmt":"2025-05-13T11:18:08","guid":{"rendered":"https:\/\/www.europesays.com\/fr\/96671\/"},"modified":"2025-05-13T11:18:08","modified_gmt":"2025-05-13T11:18:08","slug":"tentative-denlevement-en-plein-paris-jai-vu-des-hommes-encagoules-et-armes-senfuir","status":"publish","type":"post","link":"https:\/\/www.europesays.com\/fr\/96671\/","title":{"rendered":"Tentative d\u2019enl\u00e8vement en plein Paris\u00a0: \u00ab\u00a0J\u2018ai vu des hommes encagoul\u00e9s et arm\u00e9s s\u2019enfuir\u00a0\u00bb"},"content":{"rendered":"<p class=\"paragraph text_align_left\">C\u2019est une sc\u00e8ne surr\u00e9aliste \u00e0 laquelle a assist\u00e9 ce mardi matin Jean-Jacques, 61 ans. Une femme a \u00e9t\u00e9 victime d\u2019une <a href=\"https:\/\/www.leparisien.fr\/faits-divers\/paris-des-proches-dun-patron-dune-societe-de-cryptomonnaie-echappent-a-un-enlevement-en-pleine-rue-13-05-2025-XAVCRDAHFBAY5KZDI6SC3KFBGY.php\" target=\"_self\" rel=\"nofollow noopener\">tentative d\u2019enl\u00e8vement en pleine rue<\/a>, dans le <a href=\"https:\/\/www.leparisien.fr\/paris-75\/paris-75011\/\" target=\"_blank\" rel=\"noreferrer nofollow noopener\">XIe arrondissement<\/a> de Paris. Trois hommes ont d\u00e9barqu\u00e9, rue Pache, \u00e0 bord d\u2019une fourgonnette sigl\u00e9e Chronopost et ont tent\u00e9 d\u2019emmener de force une m\u00e8re de famille. Le p\u00e8re de son enfant est parvenu \u00e0 s\u2019interposer entre les ravisseurs arm\u00e9s et la jeune femme, qui serait la fille d\u2019un PDG d\u2019une entreprise de cryptomonnaie.<\/p>\n<p class=\"paragraph text_align_left\">Sur une vid\u00e9o que Le Parisien a pu se procurer on distingue trois hommes v\u00eatus de noir et encagoul\u00e9s frapper le p\u00e8re de famille qui ceinture la jeune femme afin d\u2019emp\u00eacher que les ravisseurs ne l\u2019emm\u00e8nent. La jeune femme \u00e2g\u00e9e de 34 ans hurle \u00ab Laissez-moi ! \u00bb, alors que les agresseurs essayent de faire lui faire l\u00e2cher prise.<\/p>\n","protected":false},"excerpt":{"rendered":"C\u2019est une sc\u00e8ne surr\u00e9aliste \u00e0 laquelle a assist\u00e9 ce mardi matin Jean-Jacques, 61 ans. Une femme a \u00e9t\u00e9&hellip;\n","protected":false},"author":2,"featured_media":96672,"comment_status":"","ping_status":"","sticky":false,"template":"","format":"standard","meta":{"footnotes":""},"categories":[1888],"tags":[11,1777,674,118,1011,27,12,626,25,2955],"class_list":{"0":"post-96671","1":"post","2":"type-post","3":"status-publish","4":"format-standard","5":"has-post-thumbnail","7":"category-paris","8":"tag-actualites","9":"tag-eu","10":"tag-europe","11":"tag-faits-divers","12":"tag-fr","13":"tag-france","14":"tag-news","15":"tag-paris","16":"tag-republique-francaise","17":"tag-videos"},"share_on_mastodon":{"url":"https:\/\/pubeurope.com\/@fr\/114500252785905956","error":""},"_links":{"self":[{"href":"https:\/\/www.europesays.com\/fr\/wp-json\/wp\/v2\/posts\/96671","targetHints":{"allow":["GET"]}}],"collection":[{"href":"https:\/\/www.europesays.com\/fr\/wp-json\/wp\/v2\/posts"}],"about":[{"href":"https:\/\/www.europesays.com\/fr\/wp-json\/wp\/v2\/types\/post"}],"author":[{"embeddable":true,"href":"https:\/\/www.europesays.com\/fr\/wp-json\/wp\/v2\/users\/2"}],"replies":[{"embeddable":true,"href":"https:\/\/www.europesays.com\/fr\/wp-json\/wp\/v2\/comments?post=96671"}],"version-history":[{"count":0,"href":"https:\/\/www.europesays.com\/fr\/wp-json\/wp\/v2\/posts\/96671\/revisions"}],"wp:featuredmedia":[{"embeddable":true,"href":"https:\/\/www.europesays.com\/fr\/wp-json\/wp\/v2\/media\/96672"}],"wp:attachment":[{"href":"https:\/\/www.europesays.com\/fr\/wp-json\/wp\/v2\/media?parent=96671"}],"wp:term":[{"taxonomy":"category","embeddable":true,"href":"https:\/\/www.europesays.com\/fr\/wp-json\/wp\/v2\/categories?post=96671"},{"taxonomy":"post_tag","embeddable":true,"href":"https:\/\/www.europesays.com\/fr\/wp-json\/wp\/v2\/tags?post=96671"}],"curies":[{"name":"wp","href":"https:\/\/api.w.org\/{rel}","templated":true}]}}