{"id":96674,"date":"2025-05-13T11:20:08","date_gmt":"2025-05-13T11:20:08","guid":{"rendered":"https:\/\/www.europesays.com\/fr\/96674\/"},"modified":"2025-05-13T11:20:08","modified_gmt":"2025-05-13T11:20:08","slug":"treve-en-ukraine-une-absence-de-poutine-en-turquie-ce-jeudi-serait-le-signal-ultime-que-moscou-ne-veut-pas-arreter-la-guerre-estime-kiev","status":"publish","type":"post","link":"https:\/\/www.europesays.com\/fr\/96674\/","title":{"rendered":"Tr\u00eave en Ukraine\u00a0: une absence de Poutine en Turquie ce jeudi serait le \u00ab\u00a0signal ultime\u00a0\u00bb que Moscou ne veut pas arr\u00eater la guerre, estime Kiev"},"content":{"rendered":"<p>\u00ab Je pense que si Vladimir Poutine refuse de se rendre en Turquie, ce sera le signal ultime que la Russie ne veut pas mettre fin \u00e0 cette guerre, qu\u2019elle n\u2019est pas dispos\u00e9e \u00e0 n\u00e9gocier \u00bb, peut-on lire sur un communiqu\u00e9 publi\u00e9, ce mardi, sur le site de la pr\u00e9sidence ukrainienne citant Andri\u00ef Iermak, le bras droit de Zelensky.<\/p>\n<p>Apr\u00e8s que les alli\u00e9s europ\u00e9ens de Kiev lui avaient enjoint de <a href=\"https:\/\/www.letelegramme.fr\/monde\/guerre-ukraine-russie\/lukraine-et-ses-allies-proposent-a-la-russie-un-cessez-le-feu-de-30-jours-6814319.php\" target=\"_blank\" rel=\"nofollow noopener\">d\u00e9clarer un cessez-le-feu de 30 jours<\/a> \u00e0 partir du 12 mai, Vladimir Poutine s\u2019\u00e9tait d\u00e9clar\u00e9 pr\u00eat, ce samedi, \u00e0 des discussions \u00ab directes \u00bb entre Russes et Ukrainiens le 15 mai \u00e0 Istanbul. Volodymyr Zelensky avait r\u00e9pondu en proposant de rencontrer Poutine \u00ab en personne \u00bb dans cette m\u00eame ville.<\/p>\n<p>Donald Trump possiblement pr\u00e9sent<\/p>\n<p>Le Kremlin a refus\u00e9 mardi de commenter l\u2019appel lanc\u00e9 par le pr\u00e9sident ukrainien.<\/p>\n<p>\u00ab La partie russe continue de se pr\u00e9parer aux n\u00e9gociations qui doivent avoir lieu jeudi. C\u2019est tout ce que nous pouvons dire. Pour l\u2019heure, nous ne pr\u00e9voyons pas de commenter davantage \u00bb, a d\u00e9clar\u00e9 le porte-parole du Kremlin, Dmitri Peskov.<\/p>\n<p>Interrog\u00e9 sur la composition de l\u2019\u00e9quipe de n\u00e9gociation russe, Peskov a \u00e9galement bott\u00e9 en touche : \u00ab D\u00e8s que le pr\u00e9sident le jugera n\u00e9cessaire, nous l\u2019annoncerons \u00bb.<\/p>\n<p>De tels pourparlers directs seraient in\u00e9dits depuis les premiers mois de l\u2019invasion russe 2022, quand des discussions entre n\u00e9gociateurs russes et ukrainiens avaient \u00e9chou\u00e9 \u00e0 mettre fin au conflit.<\/p>\n","protected":false},"excerpt":{"rendered":"\u00ab Je pense que si Vladimir Poutine refuse de se rendre en Turquie, ce sera le signal ultime&hellip;\n","protected":false},"author":2,"featured_media":96675,"comment_status":"","ping_status":"","sticky":false,"template":"","format":"standard","meta":{"footnotes":""},"categories":[1590],"tags":[11,765,1777,674,131,2069,74,12,132,220,135],"class_list":{"0":"post-96674","1":"post","2":"type-post","3":"status-publish","4":"format-standard","5":"has-post-thumbnail","7":"category-ukraine","8":"tag-actualites","9":"tag-en-continu","10":"tag-eu","11":"tag-europe","12":"tag-guerre-en-ukraine","13":"tag-guerre-ukraine-russie","14":"tag-monde","15":"tag-news","16":"tag-russie","17":"tag-ukraine","18":"tag-vladimir-poutine"},"share_on_mastodon":{"url":"https:\/\/pubeurope.com\/@fr\/114500260685168420","error":""},"_links":{"self":[{"href":"https:\/\/www.europesays.com\/fr\/wp-json\/wp\/v2\/posts\/96674","targetHints":{"allow":["GET"]}}],"collection":[{"href":"https:\/\/www.europesays.com\/fr\/wp-json\/wp\/v2\/posts"}],"about":[{"href":"https:\/\/www.europesays.com\/fr\/wp-json\/wp\/v2\/types\/post"}],"author":[{"embeddable":true,"href":"https:\/\/www.europesays.com\/fr\/wp-json\/wp\/v2\/users\/2"}],"replies":[{"embeddable":true,"href":"https:\/\/www.europesays.com\/fr\/wp-json\/wp\/v2\/comments?post=96674"}],"version-history":[{"count":0,"href":"https:\/\/www.europesays.com\/fr\/wp-json\/wp\/v2\/posts\/96674\/revisions"}],"wp:featuredmedia":[{"embeddable":true,"href":"https:\/\/www.europesays.com\/fr\/wp-json\/wp\/v2\/media\/96675"}],"wp:attachment":[{"href":"https:\/\/www.europesays.com\/fr\/wp-json\/wp\/v2\/media?parent=96674"}],"wp:term":[{"taxonomy":"category","embeddable":true,"href":"https:\/\/www.europesays.com\/fr\/wp-json\/wp\/v2\/categories?post=96674"},{"taxonomy":"post_tag","embeddable":true,"href":"https:\/\/www.europesays.com\/fr\/wp-json\/wp\/v2\/tags?post=96674"}],"curies":[{"name":"wp","href":"https:\/\/api.w.org\/{rel}","templated":true}]}}