{"id":96676,"date":"2025-05-13T11:21:21","date_gmt":"2025-05-13T11:21:21","guid":{"rendered":"https:\/\/www.europesays.com\/fr\/96676\/"},"modified":"2025-05-13T11:21:21","modified_gmt":"2025-05-13T11:21:21","slug":"les-canadiens-boycottent-les-etats-unis-et-plebiscitent-le-mexique","status":"publish","type":"post","link":"https:\/\/www.europesays.com\/fr\/96676\/","title":{"rendered":"Les Canadiens boycottent les \u00c9tats-Unis et pl\u00e9biscitent le Mexique"},"content":{"rendered":"\n<p>Au Canada, les voyages vers les \u00c9tats-Unis sont en chute libre\u00a0: en mars, les r\u00e9servations a\u00e9riennes avaient baiss\u00e9 de plus de 13\u00a0% par rapport \u00e0 l\u2019ann\u00e9e derni\u00e8re. En revanche, le nombre de r\u00e9sidents canadiens voyageant au Mexique a tr\u00e8s sensiblement augment\u00e9. \u201cLes Canadiens en col\u00e8re boycottent les voyages aux \u00c9tats-Unis et c\u2019est le Mexique qui en profite\u201d, <a class=\"ithalc\" data-ithal=\"lien_externe\" data-ithalc=\"[nav_article]\" target=\"_blank\" href=\"https:\/\/www.ft.com\/content\/b7b22247-79c2-4c1b-9207-c4b59f4ed7eb\" rel=\"noopener\">rapporte le <strong>Financial Times<\/strong><\/a>.<\/p>\n<p>Le quotidien financier relaie les chiffres du minist\u00e8re du Tourisme mexicain. Selon la ministre Josefina Rodr\u00edguez Zamora, le nombre de r\u00e9sidents canadiens visitant le Mexique a augment\u00e9 de 15,6\u00a0% en mars par rapport \u00e0 mars 2024. Quant au nombre de nuits r\u00e9serv\u00e9es par les utilisateurs canadiens d\u2019Airbnb, il a fait un bond de 27\u00a0%.<\/p>\n<p>\u201cLes Canadiens pr\u00e9f\u00e8rent des politiques plus amicales. Les liens entre nos deux pays se sont renforc\u00e9s ces derniers mois et sont devenus quasi fraternels\u201d, estime la ministre. De fait, les menaces d\u2019annexion de Donald Trump et les nouveaux tarifs douaniers ont d\u00e9clench\u00e9 au Canada un \u201cboycott patriotique\u201d des produits am\u00e9ricains et des voyages aux \u00c9tats-Unis, constate le Financial Times.<\/p>\n<p>Selon un voyagiste de Vancouver, le ph\u00e9nom\u00e8ne \u201cne fait que s\u2019intensifier\u201d, ses clients ayant l\u2019intention, \u201cau moins jusqu\u2019\u00e0 la fin du mandat de Trump\u201d, de troquer leurs vacances \u00e0 la plage en Californie ou en Floride contre des s\u00e9jours \u00e0 Canc\u00fan et \u00e0 Cabo San Lucas (\u00e0 l\u2019extr\u00e9mit\u00e9 sud de la p\u00e9ninsule mexicaine de Basse-Californie) et leurs escapades \u00e0 New York contre des week-ends \u00e0 Mexico.<\/p>\n<p>Les compagnies a\u00e9riennes s\u2019adaptent. Air Canada et Air Transat ont toutes deux annonc\u00e9 de nouveaux vols sans escale vers Guadalajara et ont fait savoir qu\u2019elles se pr\u00e9paraient \u00e0 augmenter \u00e9galement la fr\u00e9quence des vols vers d\u2019autres destinations au Mexique.<\/p>\n<p>C\u2019est une bonne nouvelle pour l\u2019\u00e9conomie mexicaine qui enregistre actuellement un fort ralentissement, souligne le Financial Times. Au point que le FMI pr\u00e9voit que<a href=\"https:\/\/www.courrierinternational.com\/article\/le-fmi-prevoit-une-chute-de-la-croissance-mexicaine-la-presidente-sheinbaum-s-offusque_230177\" target=\"_blank\" rel=\"noopener\"> le Mexique entrera en r\u00e9cession cette ann\u00e9e<\/a>, en partie \u00e0 cause des tarifs douaniers de Trump.<\/p>\n","protected":false},"excerpt":{"rendered":"Au Canada, les voyages vers les \u00c9tats-Unis sont en chute libre\u00a0: en mars, les r\u00e9servations a\u00e9riennes avaient baiss\u00e9&hellip;\n","protected":false},"author":2,"featured_media":96677,"comment_status":"","ping_status":"","sticky":false,"template":"","format":"standard","meta":{"footnotes":""},"categories":[1589],"tags":[11,3822,574,1856,73,1866,5697,12,602,770,1864,1865,1863,308,586],"class_list":{"0":"post-96676","1":"post","2":"type-post","3":"status-publish","4":"format-standard","5":"has-post-thumbnail","7":"category-etats-unis","8":"tag-actualites","9":"tag-amu00e9riques","10":"tag-canada","11":"tag-courrier-expat","12":"tag-etats-unis","13":"tag-etats-unis-damerique","14":"tag-mexique","15":"tag-news","16":"tag-tourisme","17":"tag-u00e9tats-unis","18":"tag-united-states","19":"tag-united-states-of-america","20":"tag-us","21":"tag-usa","22":"tag-voyage"},"share_on_mastodon":{"url":"https:\/\/pubeurope.com\/@fr\/114500264726641649","error":""},"_links":{"self":[{"href":"https:\/\/www.europesays.com\/fr\/wp-json\/wp\/v2\/posts\/96676","targetHints":{"allow":["GET"]}}],"collection":[{"href":"https:\/\/www.europesays.com\/fr\/wp-json\/wp\/v2\/posts"}],"about":[{"href":"https:\/\/www.europesays.com\/fr\/wp-json\/wp\/v2\/types\/post"}],"author":[{"embeddable":true,"href":"https:\/\/www.europesays.com\/fr\/wp-json\/wp\/v2\/users\/2"}],"replies":[{"embeddable":true,"href":"https:\/\/www.europesays.com\/fr\/wp-json\/wp\/v2\/comments?post=96676"}],"version-history":[{"count":0,"href":"https:\/\/www.europesays.com\/fr\/wp-json\/wp\/v2\/posts\/96676\/revisions"}],"wp:featuredmedia":[{"embeddable":true,"href":"https:\/\/www.europesays.com\/fr\/wp-json\/wp\/v2\/media\/96677"}],"wp:attachment":[{"href":"https:\/\/www.europesays.com\/fr\/wp-json\/wp\/v2\/media?parent=96676"}],"wp:term":[{"taxonomy":"category","embeddable":true,"href":"https:\/\/www.europesays.com\/fr\/wp-json\/wp\/v2\/categories?post=96676"},{"taxonomy":"post_tag","embeddable":true,"href":"https:\/\/www.europesays.com\/fr\/wp-json\/wp\/v2\/tags?post=96676"}],"curies":[{"name":"wp","href":"https:\/\/api.w.org\/{rel}","templated":true}]}}