{"id":966776,"date":"2026-05-30T13:55:21","date_gmt":"2026-05-30T13:55:21","guid":{"rendered":"https:\/\/www.europesays.com\/fr\/966776\/"},"modified":"2026-05-30T13:55:21","modified_gmt":"2026-05-30T13:55:21","slug":"lukraine-poursuit-ses-attaques-contre-les-infrastructures-petrolieres-russes","status":"publish","type":"post","link":"https:\/\/www.europesays.com\/fr\/966776\/","title":{"rendered":"L&rsquo;Ukraine poursuit ses attaques contre les infrastructures p\u00e9troli\u00e8res russes"},"content":{"rendered":"<p>Des frappes de drones ukrainiens ont provoqu\u00e9 des incendies dans plusieurs installations p\u00e9troli\u00e8res russes dans la nuit de vendredi \u00e0 samedi, ont indiqu\u00e9 des responsables locaux russes, dans ce qui semble \u00eatre la derni\u00e8re attaque en date contre l\u2019industrie p\u00e9troli\u00e8re, vitale pour Moscou.<\/p>\n<p>Les autorit\u00e9s de la r\u00e9gion russe de Rostov ont d\u00e9clar\u00e9 que des d\u00e9bris de drones tombant du ciel avaient provoqu\u00e9 un incendie qui a endommag\u00e9 un d\u00e9p\u00f4t p\u00e9trolier et un p\u00e9trolier dans le port de Taganrog. Des responsables de la r\u00e9gion voisine de Krasnodar ont signal\u00e9 qu\u2019un incendie s\u2019\u00e9tait d\u00e9clar\u00e9 dans un d\u00e9p\u00f4t p\u00e9trolier \u00e0 Armavir pour la m\u00eame raison. <\/p>\n<p>\u00abUne autre installation de l\u2019industrie p\u00e9troli\u00e8re russe a \u00e9t\u00e9 touch\u00e9e\u00a0: Armavir\u00bb, a confirm\u00e9 samedi le pr\u00e9sident ukrainien Volodymyr Zelensky sur X \u00e0 propos de l\u2019attaque dans la r\u00e9gion de Krasnodar. Il a soulign\u00e9 qu\u2019Armavir se trouvait \u00e0 500\u00a0kilom\u00e8tres de la fronti\u00e8re ukrainienne. \u00abNous renvoyons \u00e0 juste titre la guerre l\u00e0 d\u2019o\u00f9 elle vient\u00bb, a-t-il \u00e9crit.<\/p>\n<p>L\u2019Ukraine a \u00e9tendu ses capacit\u00e9s de frappe \u00e0 moyenne et longue port\u00e9e, d\u00e9ployant des drones et des missiles de sa propre fabrication pour lutter contre l\u2019invasion russe qui dure depuis quatre ans. Les attaques contre les installations p\u00e9troli\u00e8res russes, qui jouent un r\u00f4le cl\u00e9 dans le financement de l\u2019invasion, sont d\u00e9sormais quasi quotidiennes.<\/p>\n<p>De son c\u00f4t\u00e9, la Russie a utilis\u00e9 ses missiles balistiques \u00e0 longue port\u00e9e pour endommager le r\u00e9seau \u00e9lectrique ukrainien et marteler les villes. La capitale ukrainienne se pr\u00e9pare \u00e0 de nouveaux bombardements intensifs apr\u00e8s que le minist\u00e8re russe des Affaires \u00e9trang\u00e8res eut annonc\u00e9 en d\u00e9but de semaine de \u00abfrappes syst\u00e9matiques\u00bb imminentes sur Kyiv. <\/p>\n<p>M.\u00a0Zelensky a d\u00e9clar\u00e9 jeudi qu\u2019il se montrait \u00abtr\u00e8s insistant\u00bb pour exhorter les \u00c9tats-Unis \u00e0 fournir \u00e0 son pays davantage de missiles de d\u00e9fense a\u00e9rienne Patriot capables de contrer les attaques d\u00e9vastatrices de missiles balistiques russes.<\/p>\n<p>Les attaques contre les infrastructures p\u00e9troli\u00e8res russes sont survenues au lendemain d\u2019un incident au cours duquel un drone russe, qui participait \u00e0 une attaque contre l\u2019Ukraine, s\u2019est \u00e9gar\u00e9 et a frapp\u00e9 un immeuble d\u2019habitation dans l\u2019est de la Roumanie, blessant deux personnes dans ce pays membre de l\u2019OTAN. Cette incursion a renforc\u00e9 les craintes que la guerre ne s\u2019\u00e9tende au-del\u00e0 des fronti\u00e8res de l\u2019alliance et a suscit\u00e9 de vives condamnations \u00e0 travers l\u2019Europe.<\/p>\n","protected":false},"excerpt":{"rendered":"Des frappes de drones ukrainiens ont provoqu\u00e9 des incendies dans plusieurs installations p\u00e9troli\u00e8res russes dans la nuit de&hellip;\n","protected":false},"author":2,"featured_media":966777,"comment_status":"","ping_status":"","sticky":false,"template":"","format":"standard","meta":{"footnotes":"","_share_on_mastodon":"0"},"categories":[1591],"tags":[11,1887,4574,17886,1854,17887,12,1885,1886,132],"class_list":["post-966776","post","type-post","status-publish","format-standard","has-post-thumbnail","category-russie","tag-actualites","tag-federation-de-russie","tag-https-lactualite-com-sujet-affaires","tag-https-lactualite-com-sujet-hydrocarbures","tag-https-lactualite-com-sujet-international","tag-https-lactualite-com-sujet-services-publics","tag-news","tag-russia","tag-russian-federation","tag-russie"],"share_on_mastodon":{"url":"","error":""},"_links":{"self":[{"href":"https:\/\/www.europesays.com\/fr\/wp-json\/wp\/v2\/posts\/966776","targetHints":{"allow":["GET"]}}],"collection":[{"href":"https:\/\/www.europesays.com\/fr\/wp-json\/wp\/v2\/posts"}],"about":[{"href":"https:\/\/www.europesays.com\/fr\/wp-json\/wp\/v2\/types\/post"}],"author":[{"embeddable":true,"href":"https:\/\/www.europesays.com\/fr\/wp-json\/wp\/v2\/users\/2"}],"replies":[{"embeddable":true,"href":"https:\/\/www.europesays.com\/fr\/wp-json\/wp\/v2\/comments?post=966776"}],"version-history":[{"count":0,"href":"https:\/\/www.europesays.com\/fr\/wp-json\/wp\/v2\/posts\/966776\/revisions"}],"wp:featuredmedia":[{"embeddable":true,"href":"https:\/\/www.europesays.com\/fr\/wp-json\/wp\/v2\/media\/966777"}],"wp:attachment":[{"href":"https:\/\/www.europesays.com\/fr\/wp-json\/wp\/v2\/media?parent=966776"}],"wp:term":[{"taxonomy":"category","embeddable":true,"href":"https:\/\/www.europesays.com\/fr\/wp-json\/wp\/v2\/categories?post=966776"},{"taxonomy":"post_tag","embeddable":true,"href":"https:\/\/www.europesays.com\/fr\/wp-json\/wp\/v2\/tags?post=966776"}],"curies":[{"name":"wp","href":"https:\/\/api.w.org\/{rel}","templated":true}]}}