{"id":96678,"date":"2025-05-13T11:22:10","date_gmt":"2025-05-13T11:22:10","guid":{"rendered":"https:\/\/www.europesays.com\/fr\/96678\/"},"modified":"2025-05-13T11:22:10","modified_gmt":"2025-05-13T11:22:10","slug":"la-maison-du-premier-ministre-keir-starmer-endommagee-par-un-incendie-criminel","status":"publish","type":"post","link":"https:\/\/www.europesays.com\/fr\/96678\/","title":{"rendered":"la maison du premier ministre Keir Starmer endommag\u00e9e par un incendie criminel"},"content":{"rendered":"<p class=\"article-p mdl\">Dans la nuit de dimanche \u00e0 lundi, un incendie s&rsquo;est d\u00e9clench\u00e9 dans la\u00a0propri\u00e9t\u00e9 du Premier ministre travailliste Keir Starmer dans le nord de Londres. Une maison dans laquelle le chef du<br \/>\ngouvernement r\u00e9sidait jusqu&rsquo;\u00e0 son installation au 10, Downing Street, en juillet 2024.\u00a0L&rsquo;incendie qui s&rsquo;est d\u00e9clar\u00e9 aux alentours de 1h30 du matin, a caus\u00e9\u00a0des dommages \u00e0 l&rsquo;entr\u00e9e de la maison<strong> sans pour autant faire de bless\u00e9s.<\/strong><\/p>\n<p class=\"article-p mdl\">\u00ab\u00a0Par mesure de pr\u00e9caution et du fait que la propri\u00e9t\u00e9 a \u00e9t\u00e9 li\u00e9e \u00e0 une figure publique de premier plan\u00a0\u00bb, des officiers de la force antiterroriste m\u00e8nent l&rsquo;enqu\u00eate sur cet incendie, avait indiqu\u00e9 la police lundi.<\/p>\n<p>Le suspect a \u00e9t\u00e9 \u00ab\u00a0arr\u00eat\u00e9 mardi au petit matin pour suspicion d&rsquo;incendies criminels <strong>avec intention de mettre la vie d&rsquo;autrui en danger<\/strong>\u00ab\u00a0, a indiqu\u00e9 la Metropolitan police ce mardi.\u00a0<\/p>\n<p class=\"article-p mdl\">L&rsquo;homme de 21 ans est soup\u00e7onn\u00e9 d&rsquo;\u00eatre impliqu\u00e9 dans des incendies criminels sur deux propri\u00e9t\u00e9s li\u00e9es au Premier ministre Keir Starmer. L&rsquo;unit\u00e9 antiterroriste de la Metropolitan police enqu\u00eate \u00e9galement sur \u00ab\u00a0deux incidents\u00a0\u00bb li\u00e9s, dont un incendie dimanche \u00e0 l&rsquo;aube \u00e0 l&rsquo;entr\u00e9e d&rsquo;une autre propri\u00e9t\u00e9.<\/p>\n<p class=\"article-p mdl\">Un troisi\u00e8me incident concerne un v\u00e9hicule qui a pris feu le 8 mai, dans la m\u00eame rue du quartier de Kentish Town o\u00f9 a eu lieu le premier incendie.<br \/>\u00ab\u00a0Les trois incendies sont consid\u00e9r\u00e9s comme suspects \u00e0 l&rsquo;heure actuelle et les enqu\u00eates se poursuivent\u00a0\u00bb, a d\u00e9clar\u00e9 Scotland Yard. De son c\u00f4t\u00e9,<a class=\"link\" href=\"https:\/\/www.rtl.fr\/actu\/international\/keir-starmer-nouveau-premier-ministre-britannique-un-robot-travailliste-au-10-downing-street-7900400840\" title=\"Keir Starmer, nouveau Premier ministre britannique : un &quot;robot&quot; travailliste au 10 Downing Street ?\" target=\"_blank\" rel=\"noopener\">\u00a0le Premier ministre Keir Starmer<\/a>\u00a0a remerci\u00e9 les services d&rsquo;urgence, par l&rsquo;interm\u00e9diaire de son porte-parole lundi 12 mai.\u00a0<\/p>\n<p>    La r\u00e9daction vous recommande<\/p>\n<p class=\"s-newsletter__title\">\n                L\u2019actualit\u00e9 par la r\u00e9daction de RTL dans votre bo\u00eete mail.\n            <\/p>\n<p class=\"s-newsletter__subtitle\">\n                Gr\u00e2ce \u00e0 votre compte RTL abonnez-vous \u00e0 la newsletter RTL info pour suivre toute l&rsquo;actualit\u00e9 au quotidien\n            <\/p>\n<p>\n                                    Lire la suite\n                                <\/p>\n","protected":false},"excerpt":{"rendered":"Dans la nuit de dimanche \u00e0 lundi, un incendie s&rsquo;est d\u00e9clench\u00e9 dans la\u00a0propri\u00e9t\u00e9 du Premier ministre travailliste Keir&hellip;\n","protected":false},"author":2,"featured_media":96679,"comment_status":"","ping_status":"","sticky":false,"template":"","format":"standard","meta":{"footnotes":""},"categories":[1588],"tags":[11,4708,1777,674,107,1310,2581,12,473,1853,1851,1850,1852],"class_list":{"0":"post-96678","1":"post","2":"type-post","3":"status-publish","4":"format-standard","5":"has-post-thumbnail","7":"category-royaume-uni","8":"tag-actualites","9":"tag-angleterre","10":"tag-eu","11":"tag-europe","12":"tag-fil-info","13":"tag-incendie","14":"tag-keir-starmer","15":"tag-news","16":"tag-royaume-uni","17":"tag-royaume-uni-de-grande-bretagne-et-dirlande-du-nord","18":"tag-uk","19":"tag-united-kingdom","20":"tag-united-kingdom-of-great-britain-and-northern-ireland"},"share_on_mastodon":{"url":"https:\/\/pubeurope.com\/@fr\/114500268437752565","error":""},"_links":{"self":[{"href":"https:\/\/www.europesays.com\/fr\/wp-json\/wp\/v2\/posts\/96678","targetHints":{"allow":["GET"]}}],"collection":[{"href":"https:\/\/www.europesays.com\/fr\/wp-json\/wp\/v2\/posts"}],"about":[{"href":"https:\/\/www.europesays.com\/fr\/wp-json\/wp\/v2\/types\/post"}],"author":[{"embeddable":true,"href":"https:\/\/www.europesays.com\/fr\/wp-json\/wp\/v2\/users\/2"}],"replies":[{"embeddable":true,"href":"https:\/\/www.europesays.com\/fr\/wp-json\/wp\/v2\/comments?post=96678"}],"version-history":[{"count":0,"href":"https:\/\/www.europesays.com\/fr\/wp-json\/wp\/v2\/posts\/96678\/revisions"}],"wp:featuredmedia":[{"embeddable":true,"href":"https:\/\/www.europesays.com\/fr\/wp-json\/wp\/v2\/media\/96679"}],"wp:attachment":[{"href":"https:\/\/www.europesays.com\/fr\/wp-json\/wp\/v2\/media?parent=96678"}],"wp:term":[{"taxonomy":"category","embeddable":true,"href":"https:\/\/www.europesays.com\/fr\/wp-json\/wp\/v2\/categories?post=96678"},{"taxonomy":"post_tag","embeddable":true,"href":"https:\/\/www.europesays.com\/fr\/wp-json\/wp\/v2\/tags?post=96678"}],"curies":[{"name":"wp","href":"https:\/\/api.w.org\/{rel}","templated":true}]}}