{"id":96680,"date":"2025-05-13T11:23:08","date_gmt":"2025-05-13T11:23:08","guid":{"rendered":"https:\/\/www.europesays.com\/fr\/96680\/"},"modified":"2025-05-13T11:23:08","modified_gmt":"2025-05-13T11:23:08","slug":"le-moral-des-investisseurs-dope-en-mai-par-le-nouveau-gouvernement","status":"publish","type":"post","link":"https:\/\/www.europesays.com\/fr\/96680\/","title":{"rendered":"le moral des investisseurs dop\u00e9 en mai par le nouveau gouvernement"},"content":{"rendered":"<p class=\"fig-paragraph\">Le moral des investisseurs en Allemagne a connu une forte embellie en mai qui compense en partie la d\u00e9gringolade d&rsquo;avril, dop\u00e9 par la formation du nouveau gouvernement et les perspectives d&rsquo;apaisement du conflit douanier avec\u00a0<a href=\"http:\/\/www.lefigaro.fr\/international\/c-est-un-beau-geste-donald-trump-trouve-qu-il-serait-stupide-de-refuser-l-avion-presidentiel-offert-par-le-qatar-20250513\" data-fig-type=\"NewsFlash\" data-gtm-custom-categorie=\"navigation\" data-gtm-custom-action=\"crossclick\" data-gtm-custom-label=\"Contextuel\" data-gtm-event=\"customEventSPE\" data-fig-domain=\"LEFIGARO\" target=\"_blank\" rel=\"noopener\">Donald Trump<\/a>. En mai, le barom\u00e8tre mensuel de l&rsquo;institut \u00e9conomique ZEW s&rsquo;est \u00e9lev\u00e9 \u00e0 25,2 points, soit une hausse de 39,2 points sur un mois. Les analystes de la plateforme Factset s&rsquo;attendaient, plus prudents, \u00e0 ce que cet indicateur tr\u00e8s scrut\u00e9 par le milieu des affaires atteigne 8,9 points.<\/p>\n<p class=\"fig-paragraph\">Cependant, il ne parvient pas \u00e0 retrouver son niveau bien plus \u00e9lev\u00e9 de mars, avant la chute d&rsquo;avril caus\u00e9e par l&rsquo;annonce de Donald Trump concernant une avalanche de droits de douane am\u00e9ricains, qui ont \u00e9t\u00e9 en partie suspendus depuis. Ce mois-ci, \u00abla formation du nouveau gouvernement f\u00e9d\u00e9ral, les \u00e9volutions dans le diff\u00e9rend douanier, ainsi qu&rsquo;un taux d&rsquo;inflation qui se stabilise contribuent \u00e0 ce regain d&rsquo;optimisme\u00bb, analyse Achim Wambach, pr\u00e9sident du ZEW.<\/p>\n<p class=\"fig-paragraph\">L&rsquo;enqu\u00eate a \u00e9t\u00e9 men\u00e9e aupr\u00e8s de 191 analystes entre le 5 et le 12 mai, co\u00efncidant avec les d\u00e9buts de chancelier du conservateur Friedrich Merz, en coalition avec les sociaux-d\u00e9mocrates. Les milieux d&rsquo;affaires misent sur ses promesses de baisses d&rsquo;imp\u00f4t et de r\u00e9duction de la bureaucratie pour relancer l&rsquo;\u00e9conomie allemande, qui pourrait stagner en 2025 apr\u00e8s deux ann\u00e9es cons\u00e9cutives de r\u00e9cession.<\/p>\n<p class=\"fig-paragraph\">Les investisseurs esp\u00e8rent aussi que l&rsquo;UE et l&rsquo;Allemagne parviendront \u00e0 n\u00e9gocier une sortie au conflit douanier, le pr\u00e9sident am\u00e9ricain ayant d\u00e9cr\u00e9t\u00e9 en avril une pause de 90 jours pour la plupart des barri\u00e8res commerciales adopt\u00e9es. Selon le barom\u00e8tre du ZEW, presque tous les secteurs connaissent une am\u00e9lioration en mai, notamment la banque, l&rsquo;industrie automobile et chimique en crise et la production de m\u00e9taux, de machines et d&rsquo;acier.<\/p>\n<p class=\"fig-paragraph\">Les sond\u00e9s parient \u00e9galement sur un rebond de la demande int\u00e9rieure dans les six prochains mois pour relancer la premi\u00e8re \u00e9conomie europ\u00e9enne, tandis que l&rsquo;inflation en Allemagne a ralenti \u00e0 2,1% en avril sur un an, se rapprochant ainsi de la cible de la Banque centrale europ\u00e9enne, qui continue son cycle de baisse des taux. En revanche, les sond\u00e9s maintiennent un jugement n\u00e9gatif sur la situation actuelle, l&rsquo;autre composante de l&rsquo;indice ZEW restant quasi-stable \u00e0 un niveau bas en mai, \u00e0 -82,0 points, soit la valeur la plus faible parmi les pays \u00e9tudi\u00e9s de la zone euro.<\/p>\n","protected":false},"excerpt":{"rendered":"Le moral des investisseurs en Allemagne a connu une forte embellie en mai qui compense en partie la&hellip;\n","protected":false},"author":2,"featured_media":96681,"comment_status":"","ping_status":"","sticky":false,"template":"","format":"standard","meta":{"footnotes":""},"categories":[1587],"tags":[1111,47,11,672,1117,1109,1804,1805,1112,1803,636,341,257,1777,674,632,1108,107,1106,1107,1119,1801,1116,1110,1114,2805,500,12,1113,1118,1802,137,401,1115],"class_list":{"0":"post-96680","1":"post","2":"type-post","3":"status-publish","4":"format-standard","5":"has-post-thumbnail","7":"category-allemagne","8":"tag-actu","9":"tag-actualite","10":"tag-actualites","11":"tag-allemagne","12":"tag-assurance","13":"tag-breves","14":"tag-bundesrepublik-deutschland","15":"tag-de","16":"tag-depeches","17":"tag-deutschland","18":"tag-devises","19":"tag-emploi","20":"tag-entreprise","21":"tag-eu","22":"tag-europe","23":"tag-fcp","24":"tag-fil","25":"tag-fil-info","26":"tag-flash","27":"tag-flash-actu","28":"tag-formation","29":"tag-germany","30":"tag-immobilier","31":"tag-informations","32":"tag-infos","33":"tag-investisseurs","34":"tag-medias","35":"tag-news","36":"tag-nouvelles","37":"tag-placement","38":"tag-republique-federale-dallemagne","39":"tag-retraite","40":"tag-sicav","41":"tag-taux"},"share_on_mastodon":{"url":"https:\/\/pubeurope.com\/@fr\/114500272336089427","error":""},"_links":{"self":[{"href":"https:\/\/www.europesays.com\/fr\/wp-json\/wp\/v2\/posts\/96680","targetHints":{"allow":["GET"]}}],"collection":[{"href":"https:\/\/www.europesays.com\/fr\/wp-json\/wp\/v2\/posts"}],"about":[{"href":"https:\/\/www.europesays.com\/fr\/wp-json\/wp\/v2\/types\/post"}],"author":[{"embeddable":true,"href":"https:\/\/www.europesays.com\/fr\/wp-json\/wp\/v2\/users\/2"}],"replies":[{"embeddable":true,"href":"https:\/\/www.europesays.com\/fr\/wp-json\/wp\/v2\/comments?post=96680"}],"version-history":[{"count":0,"href":"https:\/\/www.europesays.com\/fr\/wp-json\/wp\/v2\/posts\/96680\/revisions"}],"wp:featuredmedia":[{"embeddable":true,"href":"https:\/\/www.europesays.com\/fr\/wp-json\/wp\/v2\/media\/96681"}],"wp:attachment":[{"href":"https:\/\/www.europesays.com\/fr\/wp-json\/wp\/v2\/media?parent=96680"}],"wp:term":[{"taxonomy":"category","embeddable":true,"href":"https:\/\/www.europesays.com\/fr\/wp-json\/wp\/v2\/categories?post=96680"},{"taxonomy":"post_tag","embeddable":true,"href":"https:\/\/www.europesays.com\/fr\/wp-json\/wp\/v2\/tags?post=96680"}],"curies":[{"name":"wp","href":"https:\/\/api.w.org\/{rel}","templated":true}]}}